{"id":6682,"date":"2026-04-29T11:06:18","date_gmt":"2026-04-29T09:06:18","guid":{"rendered":"https:\/\/stadtlaborgraz.at\/?p=6682"},"modified":"2026-04-29T11:06:20","modified_gmt":"2026-04-29T09:06:20","slug":"ein-tag-fur-die-annenstrasse","status":"publish","type":"post","link":"https:\/\/stadtlaborgraz.at\/de\/2026\/04\/ein-tag-fur-die-annenstrasse\/","title":{"rendered":"EIN TAG F\u00dcR DIE ANNENSTRASSE"},"content":{"rendered":"\n<div class=\"wp-block-cover alignfull is-light is-repeated\" style=\"min-height:20em;aspect-ratio:unset;\" id=\"blog_cover\"><div class=\"wp-block-cover__image-background wp-image-1356 is-repeated\" style=\"background-position:50% 50%;background-image:url(https:\/\/stadtlaborgraz.at\/wp-content\/uploads\/2022\/02\/Header_Illustrationen800x300_hell.png)\"><\/div><span aria-hidden=\"true\" class=\"wp-block-cover__background has-background-dim-0 has-background-dim\"><\/span><div class=\"wp-block-cover__inner-container is-layout-flow wp-block-cover-is-layout-flow\">\n<h1 class=\"wp-block-heading has-text-align-center has-nv-text-dark-bg-color has-text-color\" id=\"smash-zukunftswerkstatt\">DIGITALER IDEENWETTBEWERB: 30 Jahre Aichfeldbus<\/h1>\n\n\n\n<p class=\"has-text-align-center\" id=\"smash-zukunftswerkstatt\"><\/p>\n\n\n\n<div class=\"wp-block-columns is-not-stacked-on-mobile animated fadeIn ticss-3f8f1ed4 is-layout-flex wp-container-core-columns-is-layout-9d6595d7 wp-block-columns-is-layout-flex\">\n<div class=\"wp-block-column has-small-font-size has-text-align-right is-layout-flow wp-block-column-is-layout-flow\"><\/div>\n\n\n\n<div class=\"wp-block-column is-layout-flow wp-block-column-is-layout-flow\"><div class=\"has-text-align-left wp-block-post-date has-text-color has-nv-text-dark-bg-color has-small-font-size\"><time datetime=\"2026-04-29T11:06:18+02:00\">29. April 2026<\/time><\/div><\/div>\n<\/div>\n<\/div><\/div>\n\n\n\n<div style=\"height:100px\" aria-hidden=\"true\" class=\"wp-block-spacer\"><\/div>\n\n\n\n<div class=\"wp-block-columns is-layout-flex wp-container-core-columns-is-layout-9d6595d7 wp-block-columns-is-layout-flex\">\n<div class=\"wp-block-column is-vertically-aligned-top ticss-89455d6d has-nv-light-bg-background-color has-background is-layout-flow wp-block-column-is-layout-flow\" style=\"flex-basis:35%\" id=\"blog_entrytextbox\">\n<p class=\"ticss-e1718089 has-neve-link-color-color has-text-color has-medium-font-size\"><strong>LEINER LIVING LAB<\/strong><\/p>\n\n\n\n<p class=\"ticss-e1718089 has-neve-link-color-color has-text-color has-medium-font-size\">Im Leiner Living Lab entsteht ein offener Experimentierraum f\u00fcr die Zukunft der Annenstra\u00dfe und der Stadt Graz. Am 8. Mai zeigen wir, wie aus der Zwischennutzung des Leiner-Hauses ein Brutkasten f\u00fcr nachhaltige, klimafreundliche und sozial gerechte Stadtentwicklung werden kann.<\/p>\n<\/div>\n\n\n\n<div class=\"wp-block-column is-vertically-aligned-top is-layout-flow wp-block-column-is-layout-flow\">\n<div id=\"wp-block-themeisle-blocks-slider-c78620c7\" class=\"wp-block-themeisle-blocks-slider glide\" data-per-view=\"1\" data-gap=\"0\" data-peek=\"0\" data-autoplay=\"false\" data-height=\"400px\" data-hide-arrows=\"true\"><div class=\"glide__track\" data-glide-el=\"track\"><div class=\"glide__slides\"><div class=\"wp-block-themeisle-blocks-slider-item-wrapper glide__slide\" tabindex=\"0\"><figure><img decoding=\"async\" class=\"wp-block-themeisle-blocks-slider-item\" src=\"https:\/\/stadtlaborgraz.at\/wp-content\/uploads\/2026\/04\/Screenshot-2026-04-29-110425.png\" alt=\"\" title=\"\" data-id=\"6684\"\/><\/figure><\/div><\/div><div class=\"glide__bullets\" data-glide-el=\"controls[nav]\"><button class=\"glide__bullet\" data-glide-dir=\"=0\"><\/button><\/div><\/div><\/div>\n<\/div>\n<\/div>\n\n\n\n<p><br>Im&nbsp;<strong>Leiner Living Lab<\/strong>&nbsp;im ehemaligen Leiner-Haus entsteht ein&nbsp;<strong>offener Dialog- und Experimentierraum<\/strong>, in dem Akteurinnen und Akteure aus&nbsp;<strong>Wissenschaft<\/strong>,&nbsp;<strong>Politik, Verwaltung, Wirtschaft, Zivilgesellschaft und Kultur&nbsp;<\/strong>gemeinsam die Zukunft der Annenstra\u00dfe und der Stadt Graz gestalten \u2013 nachhaltig, klimafreundlich und sozial gerecht. Zentrale Themen wie Mobilit\u00e4t, \u00f6ffentlicher Raum, Leerstandsaktivierung, Bildung, Gesundheit und Ern\u00e4hrung werden dabei neu gedacht und praktisch erprobt.<\/p>\n\n\n\n<p>Am 8. Mai wollen wir zeigen, wie aus der Zwischennutzung des Leiner Hauses ein&nbsp;<strong>Brutkasten f\u00fcr die Annenstra\u00dfe<\/strong>&nbsp;und die&nbsp;<strong>Stadt von Morgen<\/strong>&nbsp;werden kann.<\/p>\n\n\n\n<p><strong>Ab 10.00 Uhr<\/strong>&nbsp;&#8211; Aktionen und Interventionen, mit dabei sind u.a.<\/p>\n\n\n\n<ul class=\"wp-block-list\">\n<li>Laufende Projekte zur Belebung von Leerst\u00e4nden und der Annenstra\u00dfe: Re:space \/ Uni Graz \/ Umweltamt \/ Re:vive &amp; Spaces of Mobility \/ TU Graz<\/li>\n\n\n\n<li>Narrative f\u00fcr die Annenstra\u00dfe \/ FH JOANNEUM<\/li>\n\n\n\n<li>Best Practice Beispiele zur Zwischen- und Umnutzung von Leerst\u00e4nden aus Graz und anderen St\u00e4dten: Uni Graz \/ StadtLABOR<\/li>\n\n\n\n<li>Interaktive Ausstellung \/ IDK \/ FH JOANNEUM<\/li>\n\n\n\n<li>KI Visionen zur Annenstra\u00dfe \/ Uni Graz\/ musikalisch interpretiert von der \/ KUG \/ sowie Improvisationsunterricht f\u00fcr ALLE von 10:30 &#8211; 12:00 Uhr<\/li>\n\n\n\n<li>Co-Design-Workshop zum Haus der Zukunft: StadtLABOR &amp; Partner<\/li>\n\n\n\n<li>GRAZER MITTE: Best Practices zur Verkehrsberuhigung z.B. aus Gent sowie Renderings zur Zukunft von Keplerbr\u00fccke, Lendkai, Kunsthaus und Lazarettgasse<\/li>\n\n\n\n<li>Aktivit\u00e4ten der Wirtschaftsabteilung zur Annenstra\u00dfe<\/li>\n\n\n\n<li>Vom Einkaufszentrum zum Gemeinwohlzentrum \/ ECE Kapfenberg<\/li>\n\n\n\n<li>Gesundheitsdrehscheibe: ein Stand zum Thema Social Prescribing\/ Gesundheit f\u00fcr ALLE von 12:00 &#8211; 15:00 Uhr<\/li>\n\n\n\n<li>Unternehmen aus der Annenstra\u00dfe<\/li>\n<\/ul>\n\n\n\n<p><strong>18:00 Uhr Filmpremiere<\/strong><\/p>\n\n\n\n<p><em>\u201ePotenziale der Erdgescho\u00dfzone\u201c<\/em>&nbsp;von Phillip Ro\u00dfbach und&nbsp;<em>\u201ePower to renovation\u201c<\/em>&nbsp;mit anschlie\u00dfender Podiumsdiskussion<\/p>\n\n\n\n<p><strong>ab 20.00 Uhr<\/strong>&nbsp;<em>Schmiaglpapier<\/em>&nbsp;aus Wien in concert<\/p>\n\n\n\n<p><strong>Die Programminformationen werden in den n\u00e4chsten Tagen laufend aktualisiert!!!<\/strong><\/p>\n\n\n\n<p><\/p>\n","protected":false},"excerpt":{"rendered":"<p>Im Leiner Living Lab entsteht ein offener Experimentierraum f\u00fcr die Zukunft der Annenstra\u00dfe und der Stadt Graz. Am 8. Mai zeigen wir, wie aus der Zwischennutzung des Leiner-Hauses ein Brutkasten f\u00fcr nachhaltige, klimafreundliche und sozial gerechte Stadtentwicklung werden kann.<\/p>\n","protected":false},"author":4,"featured_media":6684,"comment_status":"open","ping_status":"closed","sticky":false,"template":"","format":"standard","meta":{"neve_meta_sidebar":"","neve_meta_container":"","neve_meta_enable_content_width":"","neve_meta_content_width":0,"neve_meta_title_alignment":"","neve_meta_author_avatar":"","neve_post_elements_order":"","neve_meta_disable_header":"","neve_meta_disable_footer":"","neve_meta_disable_title":"","_themeisle_gutenberg_block_has_review":false,"footnotes":""},"categories":[1],"tags":[35,20,27,31],"class_list":["post-6682","post","type-post","status-publish","format-standard","has-post-thumbnail","hentry","category-news","tag-beteiligung","tag-frauentag","tag-quartiere","tag-wissenstransfer"],"_links":{"self":[{"href":"https:\/\/stadtlaborgraz.at\/de\/wp-json\/wp\/v2\/posts\/6682","targetHints":{"allow":["GET"]}}],"collection":[{"href":"https:\/\/stadtlaborgraz.at\/de\/wp-json\/wp\/v2\/posts"}],"about":[{"href":"https:\/\/stadtlaborgraz.at\/de\/wp-json\/wp\/v2\/types\/post"}],"author":[{"embeddable":true,"href":"https:\/\/stadtlaborgraz.at\/de\/wp-json\/wp\/v2\/users\/4"}],"replies":[{"embeddable":true,"href":"https:\/\/stadtlaborgraz.at\/de\/wp-json\/wp\/v2\/comments?post=6682"}],"version-history":[{"count":2,"href":"https:\/\/stadtlaborgraz.at\/de\/wp-json\/wp\/v2\/posts\/6682\/revisions"}],"predecessor-version":[{"id":6685,"href":"https:\/\/stadtlaborgraz.at\/de\/wp-json\/wp\/v2\/posts\/6682\/revisions\/6685"}],"wp:featuredmedia":[{"embeddable":true,"href":"https:\/\/stadtlaborgraz.at\/de\/wp-json\/wp\/v2\/media\/6684"}],"wp:attachment":[{"href":"https:\/\/stadtlaborgraz.at\/de\/wp-json\/wp\/v2\/media?parent=6682"}],"wp:term":[{"taxonomy":"category","embeddable":true,"href":"https:\/\/stadtlaborgraz.at\/de\/wp-json\/wp\/v2\/categories?post=6682"},{"taxonomy":"post_tag","embeddable":true,"href":"https:\/\/stadtlaborgraz.at\/de\/wp-json\/wp\/v2\/tags?post=6682"}],"curies":[{"name":"wp","href":"https:\/\/api.w.org\/{rel}","templated":true}]}}