{"id":4886,"date":"2024-11-12T15:01:14","date_gmt":"2024-11-12T14:01:14","guid":{"rendered":"https:\/\/stadtlaborgraz.at\/?p=4886"},"modified":"2024-11-13T08:32:25","modified_gmt":"2024-11-13T07:32:25","slug":"abschlussveranstaltung-gern-furs-klima","status":"publish","type":"post","link":"https:\/\/stadtlaborgraz.at\/de\/2024\/11\/abschlussveranstaltung-gern-furs-klima\/","title":{"rendered":"Abschlussveranstaltung GERN f\u00fcrs Klima"},"content":{"rendered":"\n<div class=\"wp-block-cover alignfull is-light is-repeated\" style=\"min-height:20em;aspect-ratio:unset;\" id=\"blog_cover\"><span aria-hidden=\"true\" class=\"wp-block-cover__background has-background-dim-0 has-background-dim\"><\/span><div class=\"wp-block-cover__image-background wp-image-1356 is-repeated\" style=\"background-position:50% 50%;background-image:url(https:\/\/stadtlaborgraz.at\/wp-content\/uploads\/2022\/02\/Header_Illustrationen800x300_hell.png)\"><\/div><div class=\"wp-block-cover__inner-container is-layout-flow wp-block-cover-is-layout-flow\">\n<h1 class=\"wp-block-heading has-text-align-center has-nv-text-dark-bg-color has-text-color\" id=\"smash-zukunftswerkstatt\">Abschlussveranstaltung &#8222;GERN f\u00fcrs Klima&#8220;<\/h1>\n\n\n\n<div class=\"wp-block-columns is-not-stacked-on-mobile animated fadeIn ticss-3f8f1ed4 is-layout-flex wp-container-core-columns-is-layout-9d6595d7 wp-block-columns-is-layout-flex\">\n<div class=\"wp-block-column has-small-font-size has-text-align-right is-layout-flow wp-block-column-is-layout-flow\"><\/div>\n\n\n\n<div class=\"wp-block-column is-layout-flow wp-block-column-is-layout-flow\"><div class=\"has-text-align-left wp-block-post-date has-text-color has-nv-text-dark-bg-color has-small-font-size\"><time datetime=\"2024-11-12T15:01:14+01:00\">12. November 2024<\/time><\/div><\/div>\n<\/div>\n<\/div><\/div>\n\n\n\n<div style=\"height:100px\" aria-hidden=\"true\" class=\"wp-block-spacer\"><\/div>\n\n\n\n<div class=\"wp-block-columns is-layout-flex wp-container-core-columns-is-layout-9d6595d7 wp-block-columns-is-layout-flex\">\n<div class=\"wp-block-column is-vertically-aligned-top ticss-89455d6d has-nv-light-bg-background-color has-background is-layout-flow wp-block-column-is-layout-flow\" style=\"flex-basis:35%\" id=\"blog_entrytextbox\">\n<p class=\"ticss-e1718089 has-neve-link-color-color has-text-color has-medium-font-size\">Ein weiteres Forschungsprojekt neigt sich dem Ende zu und wir laden herzlich zur &#8222;<a href=\"https:\/\/stadtlaborgraz.at\/de\/2022\/01\/gern-furs-klima\/\" data-type=\"link\" data-id=\"https:\/\/stadtlaborgraz.at\/de\/2022\/01\/gern-furs-klima\/\">GERN f\u00fcrs Klima&#8220;<\/a> &#8211; Abschlussveranstaltung ein. <br><br>WANN: Mittwoch, 4.12.2024 von 13-15 Uhr<br>WO: Treffpunkt vor.ort, Waagner-Biro-Stra\u00dfe 120<\/p>\n<\/div>\n\n\n\n<div class=\"wp-block-column is-vertically-aligned-top is-layout-flow wp-block-column-is-layout-flow\">\n<div id=\"wp-block-themeisle-blocks-slider-c78620c7\" class=\"wp-block-themeisle-blocks-slider glide\" data-per-view=\"1\" data-gap=\"0\" data-peek=\"0\" data-autoplay=\"false\" data-height=\"400px\" data-hide-arrows=\"true\"><div class=\"glide__track\" data-glide-el=\"track\"><div class=\"glide__slides\"><div class=\"wp-block-themeisle-blocks-slider-item-wrapper glide__slide\" tabindex=\"0\"><figure><img decoding=\"async\" class=\"wp-block-themeisle-blocks-slider-item\" src=\"https:\/\/stadtlaborgraz.at\/wp-content\/uploads\/2024\/11\/Barewo.png\" alt=\"\" title=\"\" data-id=\"4888\"\/><\/figure><\/div><\/div><div class=\"glide__bullets\" data-glide-el=\"controls[nav]\"><button class=\"glide__bullet\" data-glide-dir=\"=0\"><\/button><\/div><\/div><\/div>\n<\/div>\n<\/div>\n\n\n\n<p><br><strong>SAVE THE DATE!<\/strong><\/p>\n\n\n\n<p>Mit dem <a href=\"https:\/\/gern-fuers-klima.at\/\">Programm<\/a> haben wir einen Weg entwickelt, Bewohnerinnen und Bewohner und Nachbarschaften als Akteure der Energiewende anzusprechen und in den Mittelpunkt von Klima- und Umweltschutzma\u00dfnahmen zu stellen.<\/p>\n\n\n\n<p>Viele aus unseren Netzwerken haben uns seit Beginn oder zumindest ein St\u00fcck weit begleitet. Daher m\u00f6chten wir gemeinsam zur\u00fcckblicken und reflektieren, die neuesten Entwicklungen und Ergebnisse aus dem Projekt vorstellen und diskutieren und bei Speis und Trank nat\u00fcrlich auch schon den Blick nach vorne richten.<\/p>\n\n\n\n<p><strong>Ablauf:<\/strong><\/p>\n\n\n\n<p>13:00 Uhr: offizielle Begr\u00fc\u00dfung und Vorstellung der Projektergebnisse inkl. Wohnzufriedenheitsbefragung<\/p>\n\n\n\n<p>Im Anschluss gem\u00fctliches Netzwerken bei Speis &amp; Trank!<\/p>\n\n\n\n<p>Um <a href=\"https:\/\/www.umbuzoo.de\/d\/672b5122c15cac71038766f1\/de\/\" data-type=\"link\" data-id=\"https:\/\/www.umbuzoo.de\/d\/672b5122c15cac71038766f1\/de\/\">Anmeldung<\/a> wird gebeten<\/p>\n\n\n\n<p><br><\/p>\n","protected":false},"excerpt":{"rendered":"<p>Einladung zur Abchlussveranstaltung und Projektabschluss von &#8222;GERN f\u00fcrs Klima&#8220; am 4.12.2024.<\/p>\n","protected":false},"author":2,"featured_media":4888,"comment_status":"open","ping_status":"closed","sticky":false,"template":"","format":"standard","meta":{"neve_meta_sidebar":"","neve_meta_container":"","neve_meta_enable_content_width":"","neve_meta_content_width":0,"neve_meta_title_alignment":"","neve_meta_author_avatar":"","neve_post_elements_order":"[\"content\",\"tags\",\"post-navigation\"]","neve_meta_disable_header":"","neve_meta_disable_footer":"","neve_meta_disable_title":"","_themeisle_gutenberg_block_has_review":false,"footnotes":""},"categories":[1],"tags":[],"class_list":["post-4886","post","type-post","status-publish","format-standard","has-post-thumbnail","hentry","category-news"],"_links":{"self":[{"href":"https:\/\/stadtlaborgraz.at\/de\/wp-json\/wp\/v2\/posts\/4886","targetHints":{"allow":["GET"]}}],"collection":[{"href":"https:\/\/stadtlaborgraz.at\/de\/wp-json\/wp\/v2\/posts"}],"about":[{"href":"https:\/\/stadtlaborgraz.at\/de\/wp-json\/wp\/v2\/types\/post"}],"author":[{"embeddable":true,"href":"https:\/\/stadtlaborgraz.at\/de\/wp-json\/wp\/v2\/users\/2"}],"replies":[{"embeddable":true,"href":"https:\/\/stadtlaborgraz.at\/de\/wp-json\/wp\/v2\/comments?post=4886"}],"version-history":[{"count":7,"href":"https:\/\/stadtlaborgraz.at\/de\/wp-json\/wp\/v2\/posts\/4886\/revisions"}],"predecessor-version":[{"id":4918,"href":"https:\/\/stadtlaborgraz.at\/de\/wp-json\/wp\/v2\/posts\/4886\/revisions\/4918"}],"wp:featuredmedia":[{"embeddable":true,"href":"https:\/\/stadtlaborgraz.at\/de\/wp-json\/wp\/v2\/media\/4888"}],"wp:attachment":[{"href":"https:\/\/stadtlaborgraz.at\/de\/wp-json\/wp\/v2\/media?parent=4886"}],"wp:term":[{"taxonomy":"category","embeddable":true,"href":"https:\/\/stadtlaborgraz.at\/de\/wp-json\/wp\/v2\/categories?post=4886"},{"taxonomy":"post_tag","embeddable":true,"href":"https:\/\/stadtlaborgraz.at\/de\/wp-json\/wp\/v2\/tags?post=4886"}],"curies":[{"name":"wp","href":"https:\/\/api.w.org\/{rel}","templated":true}]}}