{"id":4880,"date":"2024-11-12T13:34:22","date_gmt":"2024-11-12T12:34:22","guid":{"rendered":"https:\/\/stadtlaborgraz.at\/?p=4880"},"modified":"2026-02-10T15:54:30","modified_gmt":"2026-02-10T14:54:30","slug":"klimasalon","status":"publish","type":"post","link":"https:\/\/stadtlaborgraz.at\/de\/2024\/11\/klimasalon\/","title":{"rendered":"KLIMASALON"},"content":{"rendered":"\n<div class=\"wp-block-cover alignfull is-light is-repeated\" style=\"min-height:20em;aspect-ratio:unset;\" id=\"projekt_cover\"><div class=\"wp-block-cover__image-background wp-image-1356 is-repeated\" style=\"background-position:50% 50%;background-image:url(https:\/\/stadtlaborgraz.at\/wp-content\/uploads\/2022\/02\/Header_Illustrationen800x300_hell.png)\"><\/div><span aria-hidden=\"true\" class=\"wp-block-cover__background has-background-dim-0 has-background-dim\"><\/span><div class=\"wp-block-cover__inner-container is-layout-flow wp-block-cover-is-layout-flow\">\n<div id=\"projekt_headerbox\" class=\"wp-block-group\"><div class=\"wp-block-group__inner-container is-layout-flow wp-block-group-is-layout-flow\">\n<h1 class=\"wp-block-heading has-text-align-center has-nv-text-dark-bg-color has-text-color\" id=\"reallabor-weiz-plus\">KLIMASALON<\/h1>\n\n\n\n<div class=\"wp-block-columns is-not-stacked-on-mobile animated fadeIn ticss-3f8f1ed4 is-layout-flex wp-container-core-columns-is-layout-9d6595d7 wp-block-columns-is-layout-flex\">\n<div class=\"wp-block-column has-small-font-size has-text-align-right is-layout-flow wp-block-column-is-layout-flow\"><\/div>\n\n\n\n<div class=\"wp-block-column is-layout-flow wp-block-column-is-layout-flow\"><div class=\"has-text-align-left wp-block-post-date has-text-color has-nv-text-dark-bg-color has-small-font-size\"><time datetime=\"2024-11-12T13:34:22+01:00\">12. November 2024<\/time><\/div><\/div>\n<\/div>\n<\/div><\/div>\n<\/div><\/div>\n\n\n\n<div style=\"height:100px\" aria-hidden=\"true\" class=\"wp-block-spacer\"><\/div>\n\n\n\n<div class=\"wp-block-columns is-layout-flex wp-container-core-columns-is-layout-9d6595d7 wp-block-columns-is-layout-flex\">\n<div class=\"wp-block-column is-vertically-aligned-top is-layout-flow wp-block-column-is-layout-flow\" style=\"flex-basis:35%\" id=\"projekt_entrytextbox\">\n<p>Projektstart: Oktober 2024<br><\/p>\n\n\n\n<p><strong>Ansprechperson<\/strong><br><a href=\"https:\/\/stadtlaborgraz.at\/franziska-schruth\" data-type=\"link\" data-id=\"https:\/\/stadtlaborgraz.at\/franziska-schruth\">Franziska Schruth<\/a><\/p>\n<\/div>\n\n\n\n<div class=\"wp-block-column is-vertically-aligned-top is-layout-flow wp-block-column-is-layout-flow\">\n<div id=\"wp-block-themeisle-blocks-slider-ab54fe37\" class=\"wp-block-themeisle-blocks-slider glide\" data-per-view=\"1\" data-gap=\"0\" data-peek=\"0\" data-autoplay=\"5000\" data-height=\"400px\" data-hide-arrows=\"true\"><div class=\"glide__track\" data-glide-el=\"track\"><div class=\"glide__slides\"><div class=\"wp-block-themeisle-blocks-slider-item-wrapper glide__slide\" tabindex=\"0\"><figure><img decoding=\"async\" class=\"wp-block-themeisle-blocks-slider-item\" src=\"https:\/\/stadtlaborgraz.at\/wp-content\/uploads\/2024\/11\/KlimaSalon.png\" alt=\"\" title=\"\" data-id=\"4882\"\/><\/figure><\/div><div class=\"wp-block-themeisle-blocks-slider-item-wrapper glide__slide\" tabindex=\"0\"><figure><img decoding=\"async\" class=\"wp-block-themeisle-blocks-slider-item\" src=\"https:\/\/stadtlaborgraz.at\/wp-content\/uploads\/2024\/11\/Klimasalon-2.jpg\" alt=\"\" title=\"\" data-id=\"5959\"\/><figcaption>Kleidertausch<\/figcaption><\/figure><\/div><div class=\"wp-block-themeisle-blocks-slider-item-wrapper glide__slide\" tabindex=\"0\"><figure><img decoding=\"async\" class=\"wp-block-themeisle-blocks-slider-item\" src=\"https:\/\/stadtlaborgraz.at\/wp-content\/uploads\/2024\/11\/Klimasalon-1.jpg\" alt=\"\" title=\"\" data-id=\"5960\"\/><figcaption>Fahrradreparatur Workshop<\/figcaption><\/figure><\/div><\/div><div class=\"glide__bullets\" data-glide-el=\"controls[nav]\"><button class=\"glide__bullet\" data-glide-dir=\"=0\"><\/button><button class=\"glide__bullet\" data-glide-dir=\"=1\"><\/button><button class=\"glide__bullet\" data-glide-dir=\"=2\"><\/button><\/div><\/div><\/div>\n<\/div>\n<\/div>\n\n\n\n<p>Aktuell ist der KLIMASALON als &#8222;<a href=\"https:\/\/stadtlaborgraz.at\/de\/2026\/02\/klima-pakt-mitmach-woche\/\" data-type=\"link\" data-id=\"https:\/\/stadtlaborgraz.at\/de\/2026\/02\/klima-pakt-mitmach-woche\/\">Klima-Pakt Mitmach-Woche<\/a>&#8220; der Stadt Graz aktiv. Wir organisieren gemeinsam mit der Stadtbibliothek Graz ein buntes Programm rund um Klimaschutz und f\u00fcr ein klimaneutrales Graz 2040.<br>WANN: Mo, 23.2.2026 &#8211; Fr, 27.2.2026 in diversen Standorten der Stadtbibliothek Graz.<\/p>\n\n\n\n<p><a href=\"https:\/\/stadtlaborgraz.at\/de\/2026\/02\/klima-pakt-mitmach-woche\/\" data-type=\"link\" data-id=\"https:\/\/stadtlaborgraz.at\/de\/2026\/02\/klima-pakt-mitmach-woche\/\">ALLE INFOS<\/a><\/p>\n\n\n\n<p><\/p>\n\n\n\n<p class=\"has-text-color has-link-color wp-elements-4004f8fc5565edf38b52c42bb48124ea\" style=\"color:#7cc3e3\"><strong>Eine Initiative, eine Community, ein Ort<\/strong>.<\/p>\n\n\n\n<p>Der KLIMASALON ist eine Initiative, die Menschen zusammenbringt, um f\u00fcr mehr Klimaschutz und einen nachhaltigen Lebensstil aktiv zu sein. Der KLIMASALON ist au\u00dferdem eine Community, ein Wissens- und Kooperationsnetzwerk aus Expert:innen und Bewohner:innen, das sich gemeinsam f\u00fcr eine lebenswerte Zukunft engagiert. Und der KLIMASALON<br>ist ein Ort f\u00fcr alle, die sich \u00fcber Klimaschutz informieren, austauschen und Ins-Tun-Kommen wollen.<\/p>\n\n\n\n<hr class=\"wp-block-separator has-alpha-channel-opacity\"\/>\n\n\n\n<h2 class=\"wp-block-heading has-nv-c-1-color has-text-color has-link-color wp-elements-c849639a7d59fd719de9b0f8afb02f64\">R\u00dcCKBLICK AUF DAS ERSTE JAHR &#8222;KLIMASALON&#8220; IN DER SMARTCITY GRAZ UND AUSBLICK<\/h2>\n\n\n\n<p>Das war die erste KLIMASALON-Runde:<\/p>\n\n\n\n<p>Nach rund 10 Monaten endet die erste Phase des KLIMASALON im Stadtteilmanagement vor.ort in der SmartCity Graz.<\/p>\n\n\n\n<p>Wir freuen uns sehr, dass in dieser ersten Runde mit uns gemeinsam 18 Kooperations-Partner:innen in \u00fcber 60 Veranstaltungen den Bewohner:innen in der SmartCity sowie vielen weiteren Interessierten ein vielseitiges Angebot machen konnten. Viele Veranstaltungen stellten in dieser Runde einmalige Angebote dar, wie der \u201eKlima-Pakt Kochworkshop\u201c, das \u201eKlimaplanspiel\u201c, DIY-Workshops z.B. zum Herstellen von Reiningungsmitteln oder zum Reparieren von Fahrr\u00e4dern sowie ein Dialog zum Thema K\u00fcnstliche Intelligenz und Klimaschutz.&nbsp; Andere waren als regelm\u00e4\u00dfig wiederkehrende Formate konzipiert, wie das Repair-Caf\u00e9 EggenLend, Begr\u00fcnungssprechstunden, Stadtteilspazierg\u00e4nge oder die HandWerkstatt.<\/p>\n\n\n\n<p>Beim Abschluss-Workshop der ersten KLIMASALON-Runde am 5. November 2025 wurden wir wunderbar von Brigitte Grahsl von klimaaktiv begleitet. Nachdenken \u00fcber das, was gut funktioniert hat und was wir im Kontakt mit Bewohner:innen gelernt haben. Es wurde aber auch \u00fcber Herausforderungen gesprochen und miteinander Strategien formulieren, wie Neugier und Offenheit erzeugt werden kann. Besonders sch\u00f6n &#8211; der Ausblick auf weitere gemeinsame (!) KLIMASALON-Runden an anderen Standorten in Graz und \/ oder der Region war durchwegs positiv.<br>Ein erster konkreter n\u00e4chster Schritt: der KLIMASALON wird im Februar in der Stadtbibliothek zu Gast sein. Wir freuen uns schon sehr darauf!<\/p>\n\n\n\n<p><strong>An dieser Stelle sagen wir allen Kooperationspartner:innen DANKE!!! <\/strong><br><strong>F\u00fcr spannende Ideen und Formate, das gro\u00dfartige Engagement und das gute Miteinander!<\/strong><\/p>\n\n\n\n<hr class=\"wp-block-separator has-alpha-channel-opacity\"\/>\n\n\n\n<h2 class=\"wp-block-heading has-nv-c-1-color has-text-color has-link-color wp-elements-cd65a4b0c486b14371204f64be58c04e\">V<strong>ERLEIH VON KLEIDERTAUSCH-EQUIPMENT F\u00dcR KLEIDERTAUSCHM\u00c4RKTE<\/strong><\/h2>\n\n\n\n<p>Ab sofort kann das n\u00f6tige Equipment f\u00fcr Kleidertauschm\u00e4rkte bei uns im Stadtteilmanagement <em>vor.ort<\/em> in der SmartCity Graz ausgeliehen werden: von Kleiderst\u00e4ndern, Kleiderb\u00fcgel \u00fcber Spiegel bis hin zum Paravent als Umkleide!<\/p>\n\n\n\n<p><strong>Verleih Kleidertausch-Equipment:<\/strong><\/p>\n\n\n\n<ul class=\"wp-block-list\">\n<li><strong>18 mobile Kleiderst\u00e4nder f\u00fcr Kleidertauschm\u00e4rkte<\/strong><br>Marke \u201eMulig\u201c von Ikea, teils schwarz, teils wei\u00df, gut \u201estapelbar\u201c, Ma\u00dfe: B 100 cm x H 153 cm x T 54 cm<br><strong>WICHTIG<\/strong>: Gro\u00dfes Auto (Kombi oder gr\u00f6\u00dfer) f\u00fcr den Transport, weil sie nicht zerlegt werden k\u00f6nnen<\/li>\n\n\n\n<li>Viele d\u00fcnne Draht-<strong>Kleiderb\u00fcgel <\/strong>auf einem praktischen St\u00e4nder<\/li>\n\n\n\n<li><strong>1 Paravent <\/strong>und <strong>3 Spiegel<\/strong><\/li>\n<\/ul>\n\n\n\n<p><strong>Adresse und Abholung:<\/strong> Stadtteilmanagement <em>vor.ort<\/em>, Waagner-Biro-Stra\u00dfe 120 (Ladenlokal links neben Hofer), 8020 Graz; Abholung im Rahmen der \u00d6ffnungszeit, immer dienstags und donnerstags von 14-18 Uhr<br><strong>Kontaktperson<\/strong> f\u00fcr Reservierungen: Franziska Schruth<br><strong>E-Mail: <\/strong><a href=\"mailto:franziska.schruth@stadtlaborgraz.at\" target=\"_blank\" rel=\"noreferrer noopener\">franziska.schruth@stadtlaborgraz.at<\/a><br><strong>Telefon<\/strong>: 0676 4068817<br><strong>Kosten<\/strong>: freiwillige Spende<br><em>Spendenorientierung: zwecks Instandhaltung und Austausch von Teilen empfehlen wir eine Spende im Ausma\u00df <\/em><br><em>von ca. 20 \u20ac + (f\u00fcr das gesamte Equipment)<\/em><\/p>\n\n\n\n<p><a href=\"https:\/\/nachhaltig-in-graz.at\/wie-funktioniert-ein-kleidertausch\/\" target=\"_blank\" rel=\"noreferrer noopener\">Wie funktioniert ein Kleidertausch?<\/a><\/p>\n\n\n\n<hr class=\"wp-block-separator has-alpha-channel-opacity\"\/>\n\n\n\n<p class=\"has-nv-c-1-color has-text-color has-link-color has-large-font-size wp-elements-4d6a26e23ff5afbc4efd8e7782da5fc9\"><strong>WAS IST DER KLIMASALON<\/strong><\/p>\n\n\n\n<p class=\"has-text-color has-link-color wp-elements-4004f8fc5565edf38b52c42bb48124ea\" style=\"color:#7cc3e3\"><strong>Eine Initiative, eine Community, ein Ort<\/strong>.<\/p>\n\n\n\n<p>Der KLIMASALON ist eine Initiative, die Menschen zusammenbringt, um f\u00fcr mehr Klimaschutz und einen nachhaltigen Lebensstil aktiv zu sein. Der KLIMASALON ist au\u00dferdem eine Community, ein Wissens- und Kooperationsnetzwerk aus Expert:innen und Bewohner:innen, das sich gemeinsam f\u00fcr eine lebenswerte Zukunft engagiert. Und der KLIMASALON<br>ist ein Ort f\u00fcr alle, die sich \u00fcber Klimaschutz informieren, austauschen und Ins-Tun-Kommen wollen.<\/p>\n\n\n\n<p class=\"has-text-color has-link-color wp-elements-ee4354473b5df9a2b956bd8210ac8763\" style=\"color:#7cc3e3\"><strong>Austausch, Lernen, Ins-Tun-Kommen<\/strong><\/p>\n\n\n\n<p>Der KLIMASALON schafft ein geb\u00fcndeltes Angebot aus Workshops, Begehungen, Dialogveranstaltungen und vielen weiteren Aktivit\u00e4ten. Zu den Themen \u201eMobilit\u00e4t\u201c, \u201eEnergie\u201c, \u201eBegr\u00fcnung &amp; Regenwasser\u201c sowie \u201eKonsum &amp; Ressourcen\u201c entsteht Raum f\u00fcr Austausch, gemeinsames Lernen und Handeln f\u00fcr ein Mehr an Lebensqualit\u00e4t.<\/p>\n\n\n\n<p class=\"has-text-color has-link-color wp-elements-91791d8876314316ce27064140e7afa5\" style=\"color:#7cc3e3\"><strong>Treffpunkt vor.ort in der SmartCity Graz<\/strong><\/p>\n\n\n\n<p>Der KLIMASALON startet im Treffpunkt vor.ort in der SmartCity Graz, einem Stadtteil bei dessen Planung und Umsetzung Nachhaltigkeit und Kooperation gro\u00dfgeschrieben wurden. Da ist es ein logischer n\u00e4chster Schritt, gemeinsam mit den Menschen vor Ort, Ideen und Kompetenzen zu entwickeln, die das t\u00e4gliche \u201eNormal\u201c, klimafreundlich und kooperativ gestalten.<br><\/p>\n\n\n\n<hr class=\"wp-block-separator has-alpha-channel-opacity\"\/>\n\n\n\n<p class=\"has-nv-c-1-color has-text-color has-link-color has-large-font-size wp-elements-2beffbc2c3ae99208ddc27a9000c17c1\"><strong>VERGANGENE VERANSTALTUNGEN<\/strong><\/p>\n\n\n\n<figure class=\"wp-block-gallery has-nested-images columns-default is-cropped wp-block-gallery-1 is-layout-flex wp-block-gallery-is-layout-flex\">\n<figure class=\"wp-block-image size-large\"><img loading=\"lazy\" decoding=\"async\" width=\"846\" height=\"1200\" data-id=\"5878\" src=\"https:\/\/stadtlaborgraz.at\/wp-content\/uploads\/2024\/11\/Naeh-Cafe-Sept.-25-846x1200.jpg\" alt=\"\" class=\"wp-image-5878\" srcset=\"https:\/\/stadtlaborgraz.at\/wp-content\/uploads\/2024\/11\/Naeh-Cafe-Sept.-25-846x1200.jpg 846w, https:\/\/stadtlaborgraz.at\/wp-content\/uploads\/2024\/11\/Naeh-Cafe-Sept.-25-282x400.jpg 282w, https:\/\/stadtlaborgraz.at\/wp-content\/uploads\/2024\/11\/Naeh-Cafe-Sept.-25-768x1090.jpg 768w, https:\/\/stadtlaborgraz.at\/wp-content\/uploads\/2024\/11\/Naeh-Cafe-Sept.-25-1083x1536.jpg 1083w, https:\/\/stadtlaborgraz.at\/wp-content\/uploads\/2024\/11\/Naeh-Cafe-Sept.-25-1443x2048.jpg 1443w, https:\/\/stadtlaborgraz.at\/wp-content\/uploads\/2024\/11\/Naeh-Cafe-Sept.-25-8x12.jpg 8w, https:\/\/stadtlaborgraz.at\/wp-content\/uploads\/2024\/11\/Naeh-Cafe-Sept.-25-scaled.jpg 1804w\" sizes=\"auto, (max-width: 846px) 100vw, 846px\" \/><\/figure>\n\n\n\n<figure class=\"wp-block-image size-large\"><img loading=\"lazy\" decoding=\"async\" width=\"845\" height=\"1200\" data-id=\"5708\" src=\"https:\/\/stadtlaborgraz.at\/wp-content\/uploads\/2025\/08\/Klimasalon-3-845x1200.jpg\" alt=\"\" class=\"wp-image-5708\" srcset=\"https:\/\/stadtlaborgraz.at\/wp-content\/uploads\/2025\/08\/Klimasalon-3-845x1200.jpg 845w, https:\/\/stadtlaborgraz.at\/wp-content\/uploads\/2025\/08\/Klimasalon-3-282x400.jpg 282w, https:\/\/stadtlaborgraz.at\/wp-content\/uploads\/2025\/08\/Klimasalon-3-768x1090.jpg 768w, https:\/\/stadtlaborgraz.at\/wp-content\/uploads\/2025\/08\/Klimasalon-3-1082x1536.jpg 1082w, https:\/\/stadtlaborgraz.at\/wp-content\/uploads\/2025\/08\/Klimasalon-3-8x12.jpg 8w, https:\/\/stadtlaborgraz.at\/wp-content\/uploads\/2025\/08\/Klimasalon-3.jpg 1409w\" sizes=\"auto, (max-width: 845px) 100vw, 845px\" \/><\/figure>\n\n\n\n<figure class=\"wp-block-image size-large\"><img loading=\"lazy\" decoding=\"async\" width=\"845\" height=\"1200\" data-id=\"5710\" src=\"https:\/\/stadtlaborgraz.at\/wp-content\/uploads\/2025\/08\/Klimasalon-2-845x1200.jpg\" alt=\"\" class=\"wp-image-5710\" srcset=\"https:\/\/stadtlaborgraz.at\/wp-content\/uploads\/2025\/08\/Klimasalon-2-845x1200.jpg 845w, https:\/\/stadtlaborgraz.at\/wp-content\/uploads\/2025\/08\/Klimasalon-2-282x400.jpg 282w, https:\/\/stadtlaborgraz.at\/wp-content\/uploads\/2025\/08\/Klimasalon-2-768x1090.jpg 768w, https:\/\/stadtlaborgraz.at\/wp-content\/uploads\/2025\/08\/Klimasalon-2-1082x1536.jpg 1082w, https:\/\/stadtlaborgraz.at\/wp-content\/uploads\/2025\/08\/Klimasalon-2-8x12.jpg 8w, https:\/\/stadtlaborgraz.at\/wp-content\/uploads\/2025\/08\/Klimasalon-2.jpg 1409w\" sizes=\"auto, (max-width: 845px) 100vw, 845px\" \/><\/figure>\n\n\n\n<figure class=\"wp-block-image size-large\"><img loading=\"lazy\" decoding=\"async\" width=\"846\" height=\"1200\" data-id=\"5877\" src=\"https:\/\/stadtlaborgraz.at\/wp-content\/uploads\/2024\/11\/KI-846x1200.jpg\" alt=\"\" class=\"wp-image-5877\" srcset=\"https:\/\/stadtlaborgraz.at\/wp-content\/uploads\/2024\/11\/KI-846x1200.jpg 846w, https:\/\/stadtlaborgraz.at\/wp-content\/uploads\/2024\/11\/KI-282x400.jpg 282w, https:\/\/stadtlaborgraz.at\/wp-content\/uploads\/2024\/11\/KI-768x1090.jpg 768w, https:\/\/stadtlaborgraz.at\/wp-content\/uploads\/2024\/11\/KI-1083x1536.jpg 1083w, https:\/\/stadtlaborgraz.at\/wp-content\/uploads\/2024\/11\/KI-1443x2048.jpg 1443w, https:\/\/stadtlaborgraz.at\/wp-content\/uploads\/2024\/11\/KI-8x12.jpg 8w, https:\/\/stadtlaborgraz.at\/wp-content\/uploads\/2024\/11\/KI-scaled.jpg 1804w\" sizes=\"auto, (max-width: 846px) 100vw, 846px\" \/><\/figure>\n\n\n\n<figure class=\"wp-block-image size-large\"><img loading=\"lazy\" decoding=\"async\" width=\"846\" height=\"1200\" data-id=\"5906\" src=\"https:\/\/stadtlaborgraz.at\/wp-content\/uploads\/2024\/11\/Spazierwege-846x1200.jpg\" alt=\"\" class=\"wp-image-5906\" srcset=\"https:\/\/stadtlaborgraz.at\/wp-content\/uploads\/2024\/11\/Spazierwege-846x1200.jpg 846w, https:\/\/stadtlaborgraz.at\/wp-content\/uploads\/2024\/11\/Spazierwege-282x400.jpg 282w, https:\/\/stadtlaborgraz.at\/wp-content\/uploads\/2024\/11\/Spazierwege-768x1090.jpg 768w, https:\/\/stadtlaborgraz.at\/wp-content\/uploads\/2024\/11\/Spazierwege-1083x1536.jpg 1083w, https:\/\/stadtlaborgraz.at\/wp-content\/uploads\/2024\/11\/Spazierwege-1443x2048.jpg 1443w, https:\/\/stadtlaborgraz.at\/wp-content\/uploads\/2024\/11\/Spazierwege-8x12.jpg 8w, https:\/\/stadtlaborgraz.at\/wp-content\/uploads\/2024\/11\/Spazierwege-scaled.jpg 1804w\" sizes=\"auto, (max-width: 846px) 100vw, 846px\" \/><\/figure>\n\n\n\n<figure class=\"wp-block-image size-large\"><img loading=\"lazy\" decoding=\"async\" width=\"846\" height=\"1200\" data-id=\"5714\" src=\"https:\/\/stadtlaborgraz.at\/wp-content\/uploads\/2024\/11\/Handwerkstatt-846x1200.jpg\" alt=\"\" class=\"wp-image-5714\" srcset=\"https:\/\/stadtlaborgraz.at\/wp-content\/uploads\/2024\/11\/Handwerkstatt-846x1200.jpg 846w, https:\/\/stadtlaborgraz.at\/wp-content\/uploads\/2024\/11\/Handwerkstatt-282x400.jpg 282w, https:\/\/stadtlaborgraz.at\/wp-content\/uploads\/2024\/11\/Handwerkstatt-768x1090.jpg 768w, https:\/\/stadtlaborgraz.at\/wp-content\/uploads\/2024\/11\/Handwerkstatt-1083x1536.jpg 1083w, https:\/\/stadtlaborgraz.at\/wp-content\/uploads\/2024\/11\/Handwerkstatt-1443x2048.jpg 1443w, https:\/\/stadtlaborgraz.at\/wp-content\/uploads\/2024\/11\/Handwerkstatt-8x12.jpg 8w, https:\/\/stadtlaborgraz.at\/wp-content\/uploads\/2024\/11\/Handwerkstatt-scaled.jpg 1804w\" sizes=\"auto, (max-width: 846px) 100vw, 846px\" \/><\/figure>\n\n\n\n<figure class=\"wp-block-image size-large\"><img loading=\"lazy\" decoding=\"async\" width=\"846\" height=\"1200\" data-id=\"5715\" src=\"https:\/\/stadtlaborgraz.at\/wp-content\/uploads\/2024\/11\/Begruenungssprechstunde-846x1200.jpg\" alt=\"\" class=\"wp-image-5715\" srcset=\"https:\/\/stadtlaborgraz.at\/wp-content\/uploads\/2024\/11\/Begruenungssprechstunde-846x1200.jpg 846w, https:\/\/stadtlaborgraz.at\/wp-content\/uploads\/2024\/11\/Begruenungssprechstunde-282x400.jpg 282w, https:\/\/stadtlaborgraz.at\/wp-content\/uploads\/2024\/11\/Begruenungssprechstunde-768x1090.jpg 768w, https:\/\/stadtlaborgraz.at\/wp-content\/uploads\/2024\/11\/Begruenungssprechstunde-1083x1536.jpg 1083w, https:\/\/stadtlaborgraz.at\/wp-content\/uploads\/2024\/11\/Begruenungssprechstunde-1443x2048.jpg 1443w, https:\/\/stadtlaborgraz.at\/wp-content\/uploads\/2024\/11\/Begruenungssprechstunde-8x12.jpg 8w, https:\/\/stadtlaborgraz.at\/wp-content\/uploads\/2024\/11\/Begruenungssprechstunde-scaled.jpg 1804w\" sizes=\"auto, (max-width: 846px) 100vw, 846px\" \/><\/figure>\n<\/figure>\n","protected":false},"excerpt":{"rendered":"<p>Der KLIMASALON soll ein Ort werden, der Menschen zusammenbringt, die sich f\u00fcr Klimaschutz und Nachhaltigkeit interessieren und einsetzen. <\/p>\n","protected":false},"author":2,"featured_media":4882,"comment_status":"closed","ping_status":"closed","sticky":false,"template":"","format":"standard","meta":{"neve_meta_sidebar":"","neve_meta_container":"","neve_meta_enable_content_width":"","neve_meta_content_width":0,"neve_meta_title_alignment":"","neve_meta_author_avatar":"","neve_post_elements_order":"[\"content\",\"tags\",\"post-navigation\"]","neve_meta_disable_header":"","neve_meta_disable_footer":"","neve_meta_disable_title":"","_themeisle_gutenberg_block_has_review":false,"footnotes":""},"categories":[3],"tags":[35,34,23,31],"class_list":["post-4880","post","type-post","status-publish","format-standard","has-post-thumbnail","hentry","category-projekte","tag-beteiligung","tag-ressourcenschonung","tag-smartcity","tag-wissenstransfer"],"_links":{"self":[{"href":"https:\/\/stadtlaborgraz.at\/de\/wp-json\/wp\/v2\/posts\/4880","targetHints":{"allow":["GET"]}}],"collection":[{"href":"https:\/\/stadtlaborgraz.at\/de\/wp-json\/wp\/v2\/posts"}],"about":[{"href":"https:\/\/stadtlaborgraz.at\/de\/wp-json\/wp\/v2\/types\/post"}],"author":[{"embeddable":true,"href":"https:\/\/stadtlaborgraz.at\/de\/wp-json\/wp\/v2\/users\/2"}],"replies":[{"embeddable":true,"href":"https:\/\/stadtlaborgraz.at\/de\/wp-json\/wp\/v2\/comments?post=4880"}],"version-history":[{"count":128,"href":"https:\/\/stadtlaborgraz.at\/de\/wp-json\/wp\/v2\/posts\/4880\/revisions"}],"predecessor-version":[{"id":6375,"href":"https:\/\/stadtlaborgraz.at\/de\/wp-json\/wp\/v2\/posts\/4880\/revisions\/6375"}],"wp:featuredmedia":[{"embeddable":true,"href":"https:\/\/stadtlaborgraz.at\/de\/wp-json\/wp\/v2\/media\/4882"}],"wp:attachment":[{"href":"https:\/\/stadtlaborgraz.at\/de\/wp-json\/wp\/v2\/media?parent=4880"}],"wp:term":[{"taxonomy":"category","embeddable":true,"href":"https:\/\/stadtlaborgraz.at\/de\/wp-json\/wp\/v2\/categories?post=4880"},{"taxonomy":"post_tag","embeddable":true,"href":"https:\/\/stadtlaborgraz.at\/de\/wp-json\/wp\/v2\/tags?post=4880"}],"curies":[{"name":"wp","href":"https:\/\/api.w.org\/{rel}","templated":true}]}}