{"id":4745,"date":"2024-09-25T12:12:46","date_gmt":"2024-09-25T10:12:46","guid":{"rendered":"https:\/\/stadtlaborgraz.at\/?p=4745"},"modified":"2024-10-14T14:56:27","modified_gmt":"2024-10-14T12:56:27","slug":"25-09-2024-veranstaltungen-oktober","status":"publish","type":"post","link":"https:\/\/stadtlaborgraz.at\/de\/2024\/09\/25-09-2024-veranstaltungen-oktober\/","title":{"rendered":"Veranstaltungen Oktober"},"content":{"rendered":"\n<div class=\"wp-block-cover alignfull is-light is-repeated\" style=\"min-height:20em;aspect-ratio:unset;\" id=\"blog_cover\"><span aria-hidden=\"true\" class=\"wp-block-cover__background has-background-dim-0 has-background-dim\"><\/span><div class=\"wp-block-cover__image-background wp-image-1356 is-repeated\" style=\"background-position:50% 50%;background-image:url(https:\/\/stadtlaborgraz.at\/wp-content\/uploads\/2022\/02\/Header_Illustrationen800x300_hell.png)\"><\/div><div class=\"wp-block-cover__inner-container is-layout-flow wp-block-cover-is-layout-flow\">\n<h1 class=\"wp-block-heading has-text-align-center has-nv-text-dark-bg-color has-text-color\" id=\"smash-zukunftswerkstatt\">Veranstaltungen Oktober 2024<\/h1>\n\n\n\n<div class=\"wp-block-columns is-not-stacked-on-mobile animated fadeIn ticss-3f8f1ed4 is-layout-flex wp-container-core-columns-is-layout-9d6595d7 wp-block-columns-is-layout-flex\">\n<div class=\"wp-block-column has-small-font-size has-text-align-right is-layout-flow wp-block-column-is-layout-flow\"><\/div>\n\n\n\n<div class=\"wp-block-column is-layout-flow wp-block-column-is-layout-flow\"><div class=\"has-text-align-left wp-block-post-date has-text-color has-nv-text-dark-bg-color has-small-font-size\"><time datetime=\"2024-09-25T12:12:46+02:00\">25. September 2024<\/time><\/div><\/div>\n<\/div>\n<\/div><\/div>\n\n\n\n<div style=\"height:100px\" aria-hidden=\"true\" class=\"wp-block-spacer\"><\/div>\n\n\n\n<div class=\"wp-block-columns is-layout-flex wp-container-core-columns-is-layout-9d6595d7 wp-block-columns-is-layout-flex\">\n<div class=\"wp-block-column is-vertically-aligned-top ticss-89455d6d has-nv-light-bg-background-color has-background is-layout-flow wp-block-column-is-layout-flow\" style=\"flex-basis:35%\" id=\"blog_entrytextbox\">\n<p class=\"ticss-e1718089 has-neve-link-color-color has-text-color has-medium-font-size\">Hier finden Sie eine \u00dcbersicht \u00fcber diverse Veranstaltungen f\u00fcr Oktober 2024.<br><\/p>\n\n\n\n<p class=\"ticss-e1718089 has-neve-link-color-color has-text-color has-medium-font-size\">Die Veranstaltungen sind chronologisch geordnet!<br><br><br><\/p>\n<\/div>\n\n\n\n<div class=\"wp-block-column is-vertically-aligned-top is-layout-flow wp-block-column-is-layout-flow\">\n<div id=\"wp-block-themeisle-blocks-slider-c78620c7\" class=\"wp-block-themeisle-blocks-slider glide\" data-per-view=\"1\" data-gap=\"0\" data-peek=\"0\" data-autoplay=\"false\" data-height=\"400px\" data-hide-arrows=\"true\"><div class=\"glide__track\" data-glide-el=\"track\"><div class=\"glide__slides\"><div class=\"wp-block-themeisle-blocks-slider-item-wrapper glide__slide\" tabindex=\"0\"><figure><img decoding=\"async\" class=\"wp-block-themeisle-blocks-slider-item\" src=\"https:\/\/stadtlaborgraz.at\/wp-content\/uploads\/2024\/05\/SAVE-THE-DATE.png\" alt=\"\" title=\"\" data-id=\"4418\"\/><\/figure><\/div><\/div><div class=\"glide__bullets\" data-glide-el=\"controls[nav]\"><button class=\"glide__bullet\" data-glide-dir=\"=0\"><\/button><\/div><\/div><\/div>\n<\/div>\n<\/div>\n\n\n\n<h2 class=\"wp-block-heading\">Kastanien braten im Brauquartier<\/h2>\n\n\n\n<p>WANN: Dienstag, 01.10.2024 ab 16 Uhr<br>WO: vor dem Quartiersb\u00fcro mittendrin, (Brauquartier 19\/1)<br><br>Ab <strong>16:00 Uhr<\/strong> gibt es wieder<strong>&nbsp;Gratis Sturm und&nbsp;Kastanien.<\/strong><br>F\u00fcr die Kids ist das <strong>&#8222;Heimspiel&#8220;<\/strong> vor Ort.<br><br>Unser Kollege Karlheinz und Kastanienbrater Toni freuen sich auf ein gem\u00fctliches Beisammensein.<br><\/p>\n\n\n\n<figure class=\"wp-block-image size-medium\"><img loading=\"lazy\" decoding=\"async\" width=\"400\" height=\"245\" src=\"https:\/\/stadtlaborgraz.at\/wp-content\/uploads\/2023\/11\/Herbstfest-2023-BQ-mittendrin-5-400x245.png\" alt=\"\" class=\"wp-image-4025\" srcset=\"https:\/\/stadtlaborgraz.at\/wp-content\/uploads\/2023\/11\/Herbstfest-2023-BQ-mittendrin-5-400x245.png 400w, https:\/\/stadtlaborgraz.at\/wp-content\/uploads\/2023\/11\/Herbstfest-2023-BQ-mittendrin-5-768x471.png 768w, https:\/\/stadtlaborgraz.at\/wp-content\/uploads\/2023\/11\/Herbstfest-2023-BQ-mittendrin-5-18x12.png 18w, https:\/\/stadtlaborgraz.at\/wp-content\/uploads\/2023\/11\/Herbstfest-2023-BQ-mittendrin-5.png 870w\" sizes=\"auto, (max-width: 400px) 100vw, 400px\" \/><\/figure>\n\n\n\n<hr class=\"wp-block-separator has-alpha-channel-opacity\"\/>\n\n\n\n<h2 class=\"wp-block-heading\">Herbstfest im Q4<\/h2>\n\n\n\n<p>WANN: 24. Oktober 2024 (Nachmittags)<br>WO: Grillweg 7c, 8053 Stra\u00dfgang<\/p>\n\n\n\n<p>Infos folgen<\/p>\n\n\n\n<hr class=\"wp-block-separator has-alpha-channel-opacity\"\/>\n\n\n\n<h2 class=\"wp-block-heading has-nv-c-1-color has-text-color has-link-color wp-elements-4396a0654b1e366b2e6043d43ee192f3\">AUS UNSEREM NETZWERK:<\/h2>\n\n\n\n<h2 class=\"wp-block-heading\"><strong>2. Fachtagung Ich Tu&#8217;s- Beteiligung am Klimaschutz<\/strong><\/h2>\n\n\n\n<p>WANN: Montag, 7. Oktober 2024 von 9.30-17 Uhr<br>WO: Steiermarkhof, Ekkehard-Hauer-Stra\u00dfe 33, 8052 Graz<br><br>Im Rahmen der 2. &#8222;Ich tu&#8217;s Fachtagung&#8220; werden wir zusammen mit&nbsp;<a href=\"https:\/\/www.beteiligung.st\/\" target=\"_blank\" rel=\"noreferrer noopener\">beteiligung.st<\/a>&nbsp;ein spannendes Panel halten!<br>Barbara Hammerl diskutiert mit Daniela K\u00f6ck \u00fcber Beteiligung und &#8222;Scheinbeteiligung&#8220; am Klimaschutz.&nbsp;Wie viel Mitbestimmung ist m\u00f6glich? Was sind die Chancen und Grenzen? Und wie k\u00f6nnen wir sicherstellen, dass Partizipation wirklich etwas bewirkt?<br>N\u00e4here Informationen gibt es <a href=\"https:\/\/www.ich-tus.steiermark.at\/cms\/beitrag\/12878532\/170194648\" data-type=\"link\" data-id=\"https:\/\/www.ich-tus.steiermark.at\/cms\/beitrag\/12878532\/170194648\">HIER<\/a><br><\/p>\n\n\n\n<figure class=\"wp-block-image size-medium\"><img loading=\"lazy\" decoding=\"async\" width=\"400\" height=\"309\" src=\"https:\/\/stadtlaborgraz.at\/wp-content\/uploads\/2024\/09\/Ich-Tus-400x309.png\" alt=\"\" class=\"wp-image-4751\" srcset=\"https:\/\/stadtlaborgraz.at\/wp-content\/uploads\/2024\/09\/Ich-Tus-400x309.png 400w, https:\/\/stadtlaborgraz.at\/wp-content\/uploads\/2024\/09\/Ich-Tus-768x593.png 768w, https:\/\/stadtlaborgraz.at\/wp-content\/uploads\/2024\/09\/Ich-Tus-16x12.png 16w, https:\/\/stadtlaborgraz.at\/wp-content\/uploads\/2024\/09\/Ich-Tus.png 1200w\" sizes=\"auto, (max-width: 400px) 100vw, 400px\" \/><\/figure>\n\n\n\n<hr class=\"wp-block-separator has-alpha-channel-opacity\"\/>\n\n\n\n<h2 class=\"wp-block-heading has-nv-c-1-color has-text-color has-link-color wp-elements-4396a0654b1e366b2e6043d43ee192f3\">AUS UNSEREM NETZWERK:<\/h2>\n\n\n\n<h2 class=\"wp-block-heading\">Mission Innovation Austria Week<\/h2>\n\n\n\n<p><br>WANN: 8. Oktober bis 10. Oktober 2024<br>WO: Stegersbach<\/p>\n\n\n\n<p>Die Mission Innovation Austria Week, der Treffpunkt f\u00fcr Energie- und Klimaschutzinnovationen, findet dieses Jahr in der Woche vom <strong>8. bis 10. Oktober in Stegersbach<\/strong> statt. Es erwarten Sie&nbsp;spannende Vortr\u00e4ge, hochkar\u00e4tig besetzte Podiumsdiskussionen und interaktive Workshopformate. Auch unsere Gesch\u00e4ftsf\u00fchrerin Barbara Hammerl wird am Donnerstag, 10. Oktober&nbsp;um 14 Uhr einen Workshops zum Thema &#8222;<strong>Die Inner Development Goals (IDGs) als Treiber f\u00fcr die Klima- und Energiewende<\/strong>&#8220; halten.<\/p>\n\n\n\n<p>Mehr Infos zum Festival und zum Programm: <a href=\"https:\/\/geco-festival.at\/\">MIA<\/a><\/p>\n\n\n\n<figure class=\"wp-block-image size-medium\"><img loading=\"lazy\" decoding=\"async\" width=\"400\" height=\"309\" src=\"https:\/\/stadtlaborgraz.at\/wp-content\/uploads\/2024\/09\/MIA-400x309.png\" alt=\"\" class=\"wp-image-4752\" srcset=\"https:\/\/stadtlaborgraz.at\/wp-content\/uploads\/2024\/09\/MIA-400x309.png 400w, https:\/\/stadtlaborgraz.at\/wp-content\/uploads\/2024\/09\/MIA-768x593.png 768w, https:\/\/stadtlaborgraz.at\/wp-content\/uploads\/2024\/09\/MIA-16x12.png 16w, https:\/\/stadtlaborgraz.at\/wp-content\/uploads\/2024\/09\/MIA.png 1200w\" sizes=\"auto, (max-width: 400px) 100vw, 400px\" \/><\/figure>\n\n\n\n<hr class=\"wp-block-separator has-alpha-channel-opacity\"\/>\n\n\n\n<h2 class=\"wp-block-heading has-nv-c-1-color has-text-color has-link-color wp-elements-4396a0654b1e366b2e6043d43ee192f3\">AUS UNSEREM NETZWERK:<\/h2>\n\n\n\n<h2 class=\"wp-block-heading\">Klimainformationssystem Graz-Climathon 2024<\/h2>\n\n\n\n<p>WANN: 10. Oktober 2024, 9-17 Uhr<br>WO: Landeskammer f\u00fcr Land- und Forstwirtschaft in Steiermark<\/p>\n\n\n\n<p>Eine Veranstaltung, die sich innovativen Klimal\u00f6sungen widmet, interessierte B\u00fcrger:innen zusammenbringt und das neue <a href=\"https:\/\/geodaten.graz.at\/portal\/apps\/experiencebuilder\/experience\/?id=59f2927dc3134c03af2a09d9c25aa19a&amp;draft=true\" data-type=\"link\" data-id=\"https:\/\/geodaten.graz.at\/portal\/apps\/experiencebuilder\/experience\/?id=59f2927dc3134c03af2a09d9c25aa19a&amp;draft=true\">KIS-Portal<\/a> (Klimainformationssystem) der Stadt Graz vorstellt, das seit kurzem f\u00fcr alle Interessierte zug\u00e4nglich ist.<\/p>\n\n\n\n<p>Als Kooperation zwischen der Stadt Graz und dem EU-Projekt <a href=\"https:\/\/www.usage-project.eu\/\">USAGE <\/a>(Urban Dataspace for Green Deal) ist diese kostenlose, ganzt\u00e4gige Veranstaltung eine Gelegenheit, engagierte Menschen wie Sie\/Dich zusammenzubringen und gemeinsam aktuelle Umweltherausforderungen anzugehen.<\/p>\n\n\n\n<p>Infos und Anmeldung finden Sie <a href=\"https:\/\/www.eventbrite.com\/e\/klimainformationssystem-graz-climathon-2024-tickets-1015663485827?aff=oddtdtcreator\" data-type=\"link\" data-id=\"https:\/\/www.eventbrite.com\/e\/klimainformationssystem-graz-climathon-2024-tickets-1015663485827?aff=oddtdtcreator\">HIER<\/a><\/p>\n\n\n\n<hr class=\"wp-block-separator has-alpha-channel-opacity\"\/>\n","protected":false},"excerpt":{"rendered":"<p>Hier eine \u00dcbersicht unserer Oktoververanstaltungen und Events rund um Stadtentwicklung, Klimaschutz und Beteiligung .<\/p>\n","protected":false},"author":2,"featured_media":4747,"comment_status":"open","ping_status":"closed","sticky":false,"template":"","format":"standard","meta":{"neve_meta_sidebar":"","neve_meta_container":"","neve_meta_enable_content_width":"","neve_meta_content_width":0,"neve_meta_title_alignment":"","neve_meta_author_avatar":"","neve_post_elements_order":"[\"content\",\"tags\",\"post-navigation\"]","neve_meta_disable_header":"","neve_meta_disable_footer":"","neve_meta_disable_title":"","_themeisle_gutenberg_block_has_review":false,"footnotes":""},"categories":[1],"tags":[],"class_list":["post-4745","post","type-post","status-publish","format-standard","has-post-thumbnail","hentry","category-news"],"_links":{"self":[{"href":"https:\/\/stadtlaborgraz.at\/de\/wp-json\/wp\/v2\/posts\/4745","targetHints":{"allow":["GET"]}}],"collection":[{"href":"https:\/\/stadtlaborgraz.at\/de\/wp-json\/wp\/v2\/posts"}],"about":[{"href":"https:\/\/stadtlaborgraz.at\/de\/wp-json\/wp\/v2\/types\/post"}],"author":[{"embeddable":true,"href":"https:\/\/stadtlaborgraz.at\/de\/wp-json\/wp\/v2\/users\/2"}],"replies":[{"embeddable":true,"href":"https:\/\/stadtlaborgraz.at\/de\/wp-json\/wp\/v2\/comments?post=4745"}],"version-history":[{"count":10,"href":"https:\/\/stadtlaborgraz.at\/de\/wp-json\/wp\/v2\/posts\/4745\/revisions"}],"predecessor-version":[{"id":4847,"href":"https:\/\/stadtlaborgraz.at\/de\/wp-json\/wp\/v2\/posts\/4745\/revisions\/4847"}],"wp:featuredmedia":[{"embeddable":true,"href":"https:\/\/stadtlaborgraz.at\/de\/wp-json\/wp\/v2\/media\/4747"}],"wp:attachment":[{"href":"https:\/\/stadtlaborgraz.at\/de\/wp-json\/wp\/v2\/media?parent=4745"}],"wp:term":[{"taxonomy":"category","embeddable":true,"href":"https:\/\/stadtlaborgraz.at\/de\/wp-json\/wp\/v2\/categories?post=4745"},{"taxonomy":"post_tag","embeddable":true,"href":"https:\/\/stadtlaborgraz.at\/de\/wp-json\/wp\/v2\/tags?post=4745"}],"curies":[{"name":"wp","href":"https:\/\/api.w.org\/{rel}","templated":true}]}}