{"id":4542,"date":"2024-07-10T12:53:07","date_gmt":"2024-07-10T10:53:07","guid":{"rendered":"https:\/\/stadtlaborgraz.at\/?p=4542"},"modified":"2026-02-10T17:00:24","modified_gmt":"2026-02-10T16:00:24","slug":"stadtteiltreff-strasgang","status":"publish","type":"post","link":"https:\/\/stadtlaborgraz.at\/de\/2024\/07\/stadtteiltreff-strasgang\/","title":{"rendered":"Stadtteiltreff Stra\u00dfgang"},"content":{"rendered":"\n<div class=\"wp-block-cover alignfull is-light is-repeated\" style=\"min-height:20em;aspect-ratio:unset;\" id=\"projekt_cover\"><div class=\"wp-block-cover__image-background wp-image-1356 is-repeated\" style=\"background-position:50% 50%;background-image:url(https:\/\/stadtlaborgraz.at\/wp-content\/uploads\/2022\/02\/Header_Illustrationen800x300_hell.png)\"><\/div><span aria-hidden=\"true\" class=\"wp-block-cover__background has-background-dim-0 has-background-dim\"><\/span><div class=\"wp-block-cover__inner-container is-layout-flow wp-block-cover-is-layout-flow\">\n<div id=\"projekt_headerbox\" class=\"wp-block-group\"><div class=\"wp-block-group__inner-container is-layout-flow wp-block-group-is-layout-flow\">\n<h1 class=\"wp-block-heading has-text-align-center has-nv-text-dark-bg-color has-text-color\" id=\"reallabor-weiz-plus\">Stadtteiltreff Stra\u00dfgang<\/h1>\n\n\n\n<div class=\"wp-block-columns is-not-stacked-on-mobile animated fadeIn ticss-3f8f1ed4 is-layout-flex wp-container-core-columns-is-layout-9d6595d7 wp-block-columns-is-layout-flex\">\n<div class=\"wp-block-column has-small-font-size has-text-align-right is-layout-flow wp-block-column-is-layout-flow\"><\/div>\n\n\n\n<div class=\"wp-block-column is-layout-flow wp-block-column-is-layout-flow\"><div class=\"has-text-align-left wp-block-post-date has-text-color has-nv-text-dark-bg-color has-small-font-size\"><time datetime=\"2024-07-10T12:53:07+02:00\">10. Juli 2024<\/time><\/div><\/div>\n<\/div>\n<\/div><\/div>\n<\/div><\/div>\n\n\n\n<div style=\"height:100px\" aria-hidden=\"true\" class=\"wp-block-spacer\"><\/div>\n\n\n\n<div class=\"wp-block-columns is-layout-flex wp-container-core-columns-is-layout-9d6595d7 wp-block-columns-is-layout-flex\">\n<div class=\"wp-block-column is-vertically-aligned-top is-layout-flow wp-block-column-is-layout-flow\" style=\"flex-basis:35%\" id=\"projekt_entrytextbox\">\n<p>Projektstart: Juni 2024<\/p>\n\n\n\n<p class=\"has-nv-text-dark-bg-color has-text-color has-link-color wp-elements-bf5544b9141b85e970140071f79fa711\"><strong>\u00d6ffnungszeiten<\/strong><br>Mo, 16-18 Uhr<br>Do, 16-18 Uhr<\/p>\n\n\n\n<p><strong>Adresse<\/strong><br>K\u00e4rntner Stra\u00dfe 411<br>8054 Graz<br>Bezirk Stra\u00dfgang<\/p>\n\n\n\n<p><strong>Ansprechperson<\/strong><br><strong><a href=\"https:\/\/stadtlaborgraz.at\/katharina-schwarz\" data-type=\"link\" data-id=\"https:\/\/stadtlaborgraz.at\/katharina-schwarz\">Katharina Schwarz<\/a><\/strong><\/p>\n<\/div>\n\n\n\n<div class=\"wp-block-column is-vertically-aligned-top is-layout-flow wp-block-column-is-layout-flow\">\n<div id=\"wp-block-themeisle-blocks-slider-ab54fe37\" class=\"wp-block-themeisle-blocks-slider glide\" data-per-view=\"1\" data-gap=\"0\" data-peek=\"0\" data-autoplay=\"5000\" data-height=\"400px\" data-hide-arrows=\"true\"><div class=\"glide__track\" data-glide-el=\"track\"><div class=\"glide__slides\"><div class=\"wp-block-themeisle-blocks-slider-item-wrapper glide__slide\" tabindex=\"0\"><figure><img decoding=\"async\" class=\"wp-block-themeisle-blocks-slider-item\" src=\"https:\/\/stadtlaborgraz.at\/wp-content\/uploads\/2024\/07\/Stadtteiltreff-Strassgang-1.jpg\" alt=\"\" title=\"\" data-id=\"6381\"\/><\/figure><\/div><div class=\"wp-block-themeisle-blocks-slider-item-wrapper glide__slide\" tabindex=\"0\"><figure><img decoding=\"async\" class=\"wp-block-themeisle-blocks-slider-item\" src=\"https:\/\/stadtlaborgraz.at\/wp-content\/uploads\/2024\/07\/Stadtteiltreff-Strassgang-2.jpg\" alt=\"\" title=\"\" data-id=\"6382\"\/><\/figure><\/div><\/div><div class=\"glide__bullets\" data-glide-el=\"controls[nav]\"><button class=\"glide__bullet\" data-glide-dir=\"=0\"><\/button><button class=\"glide__bullet\" data-glide-dir=\"=1\"><\/button><\/div><\/div><\/div>\n<\/div>\n<\/div>\n\n\n\n<p>Der Bezirk Stra\u00dfgang ist einer der am st\u00e4rksten wachsenden Stadtteile von Graz und braucht einen Ort, an dem sich die Menschen des Stadtteils niederschwellig treffen k\u00f6nnen. Mit dem \u201eStadtteiltreff Stra\u00dfgang\u201c soll dies erm\u00f6glicht werden.<\/p>\n\n\n\n<p><strong>Projektziele:<\/strong><\/p>\n\n\n\n<ul class=\"wp-block-list\">\n<li>Einen konsumfreien Ort und Treffpunkt f\u00fcr alle Menschen im Bezirk Stra\u00dfgang schaffen.<\/li>\n\n\n\n<li>Gemeinschaftliche Aktivit\u00e4ten f\u00fcr die Bewohner:innen des Stadtteils initiieren und anbieten.<\/li>\n\n\n\n<li>Die Menschen im Stadtteil miteinander vernetzen und mit ihren Anliegen, Fragen sowie W\u00fcnschen und Ideen unterst\u00fctzen.<\/li>\n<\/ul>\n\n\n\n<p>Der Stadteiltreff in der K\u00e4rntnerstra\u00dfe 411 bietet die M\u00f6glichkeit, an zwei Nachmittagen pro Woche die Menschen im Bezirk zu vernetzen und gemeinschaftliche Aktivit\u00e4ten zu f\u00f6rdern. Alle Menschen, die im Stadtteil wohnen, arbeiten oder unterwegs sind, sind eingeladen im Stadtteiltreff Stra\u00dfgang zusammenzukommen &#8211; auf ein Gespr\u00e4ch, f\u00fcr Anliegen und Fragen und gerne mit eigenen W\u00fcnschen und Ideen f\u00fcr ein gutes Zusammenleben im Bezirk. Vor allem soll es auch ein Ort sein, an dem man sich niederschwellig treffen und miteinander Zeit verbringen kann, ohne etwas konsumieren zu m\u00fcssen.<\/p>\n\n\n\n<p>Unsere Kollegin Katharina Schwarz ist immer Montag und Donnerstag von 16:00 &#8211; 18:00 Uhr vor Ort und wird den neuen Stadtteiltreff betreuen. Neben gem\u00fctlichen Kaffee-\/Teenachmittagen werden auch Themennachmittage oder interessante Workshops und spannende Angebote f\u00fcr Kinder und Jugendliche abgehalten.<\/p>\n\n\n\n<p><strong>F\u00f6rdergeber:<\/strong><\/p>\n\n\n\n<ul class=\"wp-block-list\">\n<li>Stadt Graz, Amt f\u00fcr Wohnungsangelegenheiten<\/li>\n<\/ul>\n","protected":false},"excerpt":{"rendered":"<p>Seit Juli 2024 haben wir eine neue Au\u00dfenstelle, den Stadtteiltreff Stra\u00dfgang. Wir freuen uns, immer montags und donnerstags von 16-18 Uhr f\u00fcr die Nachbar:innen und B\u00fcrger:innen da zu sein.<\/p>\n","protected":false},"author":2,"featured_media":6382,"comment_status":"closed","ping_status":"closed","sticky":false,"template":"","format":"standard","meta":{"neve_meta_sidebar":"","neve_meta_container":"","neve_meta_enable_content_width":"","neve_meta_content_width":0,"neve_meta_title_alignment":"","neve_meta_author_avatar":"","neve_post_elements_order":"[\"content\",\"tags\",\"post-navigation\"]","neve_meta_disable_header":"","neve_meta_disable_footer":"","neve_meta_disable_title":"","_themeisle_gutenberg_block_has_review":false,"footnotes":""},"categories":[3],"tags":[20,29,27],"class_list":["post-4542","post","type-post","status-publish","format-standard","has-post-thumbnail","hentry","category-projekte","tag-frauentag","tag-stadtteile","tag-quartiere"],"_links":{"self":[{"href":"https:\/\/stadtlaborgraz.at\/de\/wp-json\/wp\/v2\/posts\/4542","targetHints":{"allow":["GET"]}}],"collection":[{"href":"https:\/\/stadtlaborgraz.at\/de\/wp-json\/wp\/v2\/posts"}],"about":[{"href":"https:\/\/stadtlaborgraz.at\/de\/wp-json\/wp\/v2\/types\/post"}],"author":[{"embeddable":true,"href":"https:\/\/stadtlaborgraz.at\/de\/wp-json\/wp\/v2\/users\/2"}],"replies":[{"embeddable":true,"href":"https:\/\/stadtlaborgraz.at\/de\/wp-json\/wp\/v2\/comments?post=4542"}],"version-history":[{"count":27,"href":"https:\/\/stadtlaborgraz.at\/de\/wp-json\/wp\/v2\/posts\/4542\/revisions"}],"predecessor-version":[{"id":6386,"href":"https:\/\/stadtlaborgraz.at\/de\/wp-json\/wp\/v2\/posts\/4542\/revisions\/6386"}],"wp:featuredmedia":[{"embeddable":true,"href":"https:\/\/stadtlaborgraz.at\/de\/wp-json\/wp\/v2\/media\/6382"}],"wp:attachment":[{"href":"https:\/\/stadtlaborgraz.at\/de\/wp-json\/wp\/v2\/media?parent=4542"}],"wp:term":[{"taxonomy":"category","embeddable":true,"href":"https:\/\/stadtlaborgraz.at\/de\/wp-json\/wp\/v2\/categories?post=4542"},{"taxonomy":"post_tag","embeddable":true,"href":"https:\/\/stadtlaborgraz.at\/de\/wp-json\/wp\/v2\/tags?post=4542"}],"curies":[{"name":"wp","href":"https:\/\/api.w.org\/{rel}","templated":true}]}}