{"id":4415,"date":"2024-05-13T15:30:13","date_gmt":"2024-05-13T13:30:13","guid":{"rendered":"https:\/\/stadtlaborgraz.at\/?p=4415"},"modified":"2024-05-28T11:08:03","modified_gmt":"2024-05-28T09:08:03","slug":"veranstaltungen-mai-juni","status":"publish","type":"post","link":"https:\/\/stadtlaborgraz.at\/de\/2024\/05\/veranstaltungen-mai-juni\/","title":{"rendered":"Veranstaltungen Mai &#038; Juni"},"content":{"rendered":"\n<div class=\"wp-block-cover alignfull is-light is-repeated\" style=\"min-height:20em;aspect-ratio:unset;\" id=\"blog_cover\"><span aria-hidden=\"true\" class=\"wp-block-cover__background has-background-dim-0 has-background-dim\"><\/span><div class=\"wp-block-cover__image-background wp-image-1356 is-repeated\" style=\"background-position:50% 50%;background-image:url(https:\/\/stadtlaborgraz.at\/wp-content\/uploads\/2022\/02\/Header_Illustrationen800x300_hell.png)\"><\/div><div class=\"wp-block-cover__inner-container is-layout-flow wp-block-cover-is-layout-flow\">\n<h1 class=\"wp-block-heading has-text-align-center has-nv-text-dark-bg-color has-text-color\" id=\"smash-zukunftswerkstatt\">Veranstaltungen Mai &amp; Juni 2024<\/h1>\n\n\n\n<div class=\"wp-block-columns is-not-stacked-on-mobile animated fadeIn ticss-3f8f1ed4 is-layout-flex wp-container-core-columns-is-layout-9d6595d7 wp-block-columns-is-layout-flex\">\n<div class=\"wp-block-column has-small-font-size has-text-align-right is-layout-flow wp-block-column-is-layout-flow\"><\/div>\n\n\n\n<div class=\"wp-block-column is-layout-flow wp-block-column-is-layout-flow\"><div class=\"has-text-align-left wp-block-post-date has-text-color has-nv-text-dark-bg-color has-small-font-size\"><time datetime=\"2024-05-13T15:30:13+02:00\">13. Mai 2024<\/time><\/div><\/div>\n<\/div>\n<\/div><\/div>\n\n\n\n<div style=\"height:100px\" aria-hidden=\"true\" class=\"wp-block-spacer\"><\/div>\n\n\n\n<div class=\"wp-block-columns is-layout-flex wp-container-core-columns-is-layout-9d6595d7 wp-block-columns-is-layout-flex\">\n<div class=\"wp-block-column is-vertically-aligned-top ticss-89455d6d has-nv-light-bg-background-color has-background is-layout-flow wp-block-column-is-layout-flow\" style=\"flex-basis:35%\" id=\"blog_entrytextbox\">\n<p class=\"ticss-e1718089 has-neve-link-color-color has-text-color has-medium-font-size\">Hier finden Sie eine \u00dcbersicht unserer Veranstaltungen f\u00fcr Mai und Juni 2024.<br><br><br><br><\/p>\n<\/div>\n\n\n\n<div class=\"wp-block-column is-vertically-aligned-top is-layout-flow wp-block-column-is-layout-flow\">\n<div id=\"wp-block-themeisle-blocks-slider-c78620c7\" class=\"wp-block-themeisle-blocks-slider glide\" data-per-view=\"1\" data-gap=\"0\" data-peek=\"0\" data-autoplay=\"false\" data-height=\"400px\" data-hide-arrows=\"true\"><div class=\"glide__track\" data-glide-el=\"track\"><div class=\"glide__slides\"><div class=\"wp-block-themeisle-blocks-slider-item-wrapper glide__slide\" tabindex=\"0\"><figure><img decoding=\"async\" class=\"wp-block-themeisle-blocks-slider-item\" src=\"https:\/\/stadtlaborgraz.at\/wp-content\/uploads\/2024\/05\/SAVE-THE-DATE.png\" alt=\"\" title=\"\" data-id=\"4418\"\/><\/figure><\/div><\/div><div class=\"glide__bullets\" data-glide-el=\"controls[nav]\"><button class=\"glide__bullet\" data-glide-dir=\"=0\"><\/button><\/div><\/div><\/div>\n<\/div>\n<\/div>\n\n\n\n<h2 class=\"wp-block-heading\">Zinzengrinsen 2024<\/h2>\n\n\n\n<p>WANN: Samstag, 25.5.2024 von 14-18 Uhr<br>WO: Zinzendorfgasse, 8010 Graz<br><br>Wir sind auch 2024 wieder Teil des &#8222;Zinzengrinsen&#8220;. Mit unserem Lastenrad wollen wir Stimmungsbilder und Feedback \u00fcber die &#8222;Gr\u00fcne Meile &#8211; Begegnungszone&#8220; einholen und sind den ganzen Nachmittag vor Ort.<br>Ob Anrainer:innen, Gewerbetreibende, Nutzer:innen und G\u00e4ste des Festes &#8211; nutzen Sie die Gelegenheit und geben Sie Ihre Meinung zur Begegnungszone ab.<br><\/p>\n\n\n\n<figure class=\"wp-block-image size-full\"><img loading=\"lazy\" decoding=\"async\" width=\"870\" height=\"533\" src=\"https:\/\/stadtlaborgraz.at\/wp-content\/uploads\/2022\/05\/Beteiligung-Zinzendorfgasse-2.jpg\" alt=\"\" class=\"wp-image-2627\" style=\"aspect-ratio:16\/9;object-fit:cover\" srcset=\"https:\/\/stadtlaborgraz.at\/wp-content\/uploads\/2022\/05\/Beteiligung-Zinzendorfgasse-2.jpg 870w, https:\/\/stadtlaborgraz.at\/wp-content\/uploads\/2022\/05\/Beteiligung-Zinzendorfgasse-2-400x245.jpg 400w, https:\/\/stadtlaborgraz.at\/wp-content\/uploads\/2022\/05\/Beteiligung-Zinzendorfgasse-2-768x471.jpg 768w, https:\/\/stadtlaborgraz.at\/wp-content\/uploads\/2022\/05\/Beteiligung-Zinzendorfgasse-2-18x12.jpg 18w\" sizes=\"auto, (max-width: 870px) 100vw, 870px\" \/><\/figure>\n\n\n\n<hr class=\"wp-block-separator has-alpha-channel-opacity\"\/>\n\n\n\n<h2 class=\"wp-block-heading\">Mobilit\u00e4tsdialog zum Mobilit\u00e4tsplan Graz 2024<\/h2>\n\n\n\n<p>WANN: Dienstag, 11. Juni 2024 ab 16 Uhr<br>WO: Congress Graz, Eingang Schmiedgasse 2, 8010 Graz<br><br>Wie werden die Menschen 2040 in Graz mobil sein? Wie k\u00f6nnen wir die Klimaschutzziele erreichen? Der Mobilit\u00e4tsplan Graz 2040 widmet sich diesen Fragen und liefert L\u00f6sungswege f\u00fcr die Zukunft der Mobilit\u00e4t in Graz.<br>Bis 2040 soll der Anteil der umweltvertr\u00e4glichen Verkehrsmittel, wie \u00d6ffis, Fu\u00df- und Radverkehr auf 80 % gesteigert werden. Nur mehr 20 % aller Wege sollen dann mit dem Auto zur\u00fcckgelegt werden. Wie das gelingen kann und was es daf\u00fcr braucht, wollen wir mit Ihnen diskutieren.<\/p>\n\n\n\n<p>Kommen Sie zum Mobilit\u00e4tsdialog!<br>Wir informieren Sie \u00fcber den Mobilit\u00e4tsplan Graz 2040 und freuen uns \u00fcber Ihr Feedback.<br><a href=\"https:\/\/stadtlaborgraz.at\/wp-content\/uploads\/2024\/05\/MP2040-Flyer-A5.pdf\" data-type=\"link\" data-id=\"https:\/\/stadtlaborgraz.at\/wp-content\/uploads\/2024\/05\/MP2040-Flyer-A5.pdf\">Programm und Flyer<\/a><br><br>N\u00e4here Informationen zum\u00a0Mobilit\u00e4tsplan Graz 2040 finden Sie hier: <a href=\"http:\/\/www.graz.at\/mp2040\">www.graz.at\/mp2040<\/a><br><\/p>\n\n\n\n<figure class=\"wp-block-image size-full\"><img loading=\"lazy\" decoding=\"async\" width=\"1749\" height=\"2481\" src=\"https:\/\/stadtlaborgraz.at\/wp-content\/uploads\/2024\/05\/MP2040_Flyer.jpg\" alt=\"\" class=\"wp-image-4466\" srcset=\"https:\/\/stadtlaborgraz.at\/wp-content\/uploads\/2024\/05\/MP2040_Flyer.jpg 1749w, https:\/\/stadtlaborgraz.at\/wp-content\/uploads\/2024\/05\/MP2040_Flyer-282x400.jpg 282w, https:\/\/stadtlaborgraz.at\/wp-content\/uploads\/2024\/05\/MP2040_Flyer-846x1200.jpg 846w, https:\/\/stadtlaborgraz.at\/wp-content\/uploads\/2024\/05\/MP2040_Flyer-768x1089.jpg 768w, https:\/\/stadtlaborgraz.at\/wp-content\/uploads\/2024\/05\/MP2040_Flyer-1083x1536.jpg 1083w, https:\/\/stadtlaborgraz.at\/wp-content\/uploads\/2024\/05\/MP2040_Flyer-1444x2048.jpg 1444w, https:\/\/stadtlaborgraz.at\/wp-content\/uploads\/2024\/05\/MP2040_Flyer-8x12.jpg 8w\" sizes=\"auto, (max-width: 1749px) 100vw, 1749px\" \/><\/figure>\n\n\n\n<hr class=\"wp-block-separator has-alpha-channel-opacity\"\/>\n\n\n\n<h2 class=\"wp-block-heading\">Graz ist NiCE?!<\/h2>\n\n\n\n<p>im Rahmen des Grazer Geco-Festivals<br>WANN: Samstag, 15 Juni 2024, von 12:30-15:30 Uhr<br>&#8211; 12:30-13:30 IMPULS<br>&#8211; 13:30-14:30 WALK&amp;TALK<br>WO: Rathaus Graz, Baumkirchnerzimmer<\/p>\n\n\n\n<p>Lebendige Kreislaufwirtschaft &amp; freie Fl\u00e4chen in der Grazer Innenstadt. Ein gemeinsamer Ideenspaziergang mit Impuls &amp; Ausstellung.<br>Bei einer Ausstellung widmen wir uns dem Konzept von \u201enachhaltigen Kaufh\u00e4usern\u201c und \u00fcberlegen gemeinsam, ob in Graz solche Konzepte auch m\u00f6glich w\u00e4ren und schauen, ob sich potentielle Fl\u00e4chen daf\u00fcr finden lassen. Welche Ideen haben die Teilnehmer:innen f\u00fcr die Nutzung von leerstehenden Fl\u00e4chen? Wo sehen sie Synergien mit einer \u201elebendigen Kreislaufwirtschaft\u201c? Was fehlt in der Innenstadt und k\u00f6nnte in einer freien Fl\u00e4che angeboten werden?<\/p>\n\n\n\n<p>Mehr Infos zum Festival und zum Programm: <a href=\"https:\/\/geco-festival.at\/\">https:\/\/geco-festival.at\/<\/a> <\/p>\n\n\n\n<figure class=\"wp-block-image size-large\"><img loading=\"lazy\" decoding=\"async\" width=\"1200\" height=\"498\" src=\"https:\/\/stadtlaborgraz.at\/wp-content\/uploads\/2024\/05\/Geco-festival-1200x498.png\" alt=\"\" class=\"wp-image-4424\" srcset=\"https:\/\/stadtlaborgraz.at\/wp-content\/uploads\/2024\/05\/Geco-festival-1200x498.png 1200w, https:\/\/stadtlaborgraz.at\/wp-content\/uploads\/2024\/05\/Geco-festival-400x166.png 400w, https:\/\/stadtlaborgraz.at\/wp-content\/uploads\/2024\/05\/Geco-festival-768x319.png 768w, https:\/\/stadtlaborgraz.at\/wp-content\/uploads\/2024\/05\/Geco-festival-1536x637.png 1536w, https:\/\/stadtlaborgraz.at\/wp-content\/uploads\/2024\/05\/Geco-festival-18x7.png 18w, https:\/\/stadtlaborgraz.at\/wp-content\/uploads\/2024\/05\/Geco-festival.png 1812w\" sizes=\"auto, (max-width: 1200px) 100vw, 1200px\" \/><\/figure>\n\n\n\n<hr class=\"wp-block-separator has-alpha-channel-opacity\"\/>\n\n\n\n<h2 class=\"wp-block-heading\">Programm in unseren Au\u00dfenstellen<\/h2>\n\n\n\n<p>Im Treffpunkt vor.ort in der mySmartCity Graz gibt es im Mai und Juni wieder ein <a href=\"https:\/\/stadtlaborgraz.at\/wp-content\/uploads\/2024\/05\/vor.ort-2024-Progr_MaiJuni.pdf\" data-type=\"link\" data-id=\"https:\/\/stadtlaborgraz.at\/wp-content\/uploads\/2024\/05\/vor.ort-2024-Progr_MaiJuni.pdf\">buntes Programm<\/a> f\u00fcr die Nachbar:innen und Interessierte des Stadtteils.<\/p>\n\n\n\n<figure class=\"wp-block-image size-full\"><img loading=\"lazy\" decoding=\"async\" width=\"632\" height=\"899\" src=\"https:\/\/stadtlaborgraz.at\/wp-content\/uploads\/2024\/05\/Programm-vor.ort-Maijuni.png\" alt=\"\" class=\"wp-image-4461\" srcset=\"https:\/\/stadtlaborgraz.at\/wp-content\/uploads\/2024\/05\/Programm-vor.ort-Maijuni.png 632w, https:\/\/stadtlaborgraz.at\/wp-content\/uploads\/2024\/05\/Programm-vor.ort-Maijuni-281x400.png 281w, https:\/\/stadtlaborgraz.at\/wp-content\/uploads\/2024\/05\/Programm-vor.ort-Maijuni-8x12.png 8w\" sizes=\"auto, (max-width: 632px) 100vw, 632px\" \/><\/figure>\n","protected":false},"excerpt":{"rendered":"<p>Hier eine \u00dcbersicht unserer Veranstaltungen im Mai und Juni 2024!<\/p>\n","protected":false},"author":2,"featured_media":4417,"comment_status":"open","ping_status":"closed","sticky":false,"template":"","format":"standard","meta":{"neve_meta_sidebar":"","neve_meta_container":"","neve_meta_enable_content_width":"","neve_meta_content_width":0,"neve_meta_title_alignment":"","neve_meta_author_avatar":"","neve_post_elements_order":"[\"content\",\"tags\",\"post-navigation\"]","neve_meta_disable_header":"","neve_meta_disable_footer":"","neve_meta_disable_title":"","_themeisle_gutenberg_block_has_review":false,"footnotes":""},"categories":[1],"tags":[],"class_list":["post-4415","post","type-post","status-publish","format-standard","has-post-thumbnail","hentry","category-news"],"_links":{"self":[{"href":"https:\/\/stadtlaborgraz.at\/de\/wp-json\/wp\/v2\/posts\/4415","targetHints":{"allow":["GET"]}}],"collection":[{"href":"https:\/\/stadtlaborgraz.at\/de\/wp-json\/wp\/v2\/posts"}],"about":[{"href":"https:\/\/stadtlaborgraz.at\/de\/wp-json\/wp\/v2\/types\/post"}],"author":[{"embeddable":true,"href":"https:\/\/stadtlaborgraz.at\/de\/wp-json\/wp\/v2\/users\/2"}],"replies":[{"embeddable":true,"href":"https:\/\/stadtlaborgraz.at\/de\/wp-json\/wp\/v2\/comments?post=4415"}],"version-history":[{"count":14,"href":"https:\/\/stadtlaborgraz.at\/de\/wp-json\/wp\/v2\/posts\/4415\/revisions"}],"predecessor-version":[{"id":4468,"href":"https:\/\/stadtlaborgraz.at\/de\/wp-json\/wp\/v2\/posts\/4415\/revisions\/4468"}],"wp:featuredmedia":[{"embeddable":true,"href":"https:\/\/stadtlaborgraz.at\/de\/wp-json\/wp\/v2\/media\/4417"}],"wp:attachment":[{"href":"https:\/\/stadtlaborgraz.at\/de\/wp-json\/wp\/v2\/media?parent=4415"}],"wp:term":[{"taxonomy":"category","embeddable":true,"href":"https:\/\/stadtlaborgraz.at\/de\/wp-json\/wp\/v2\/categories?post=4415"},{"taxonomy":"post_tag","embeddable":true,"href":"https:\/\/stadtlaborgraz.at\/de\/wp-json\/wp\/v2\/tags?post=4415"}],"curies":[{"name":"wp","href":"https:\/\/api.w.org\/{rel}","templated":true}]}}