{"id":4409,"date":"2024-05-13T13:49:53","date_gmt":"2024-05-13T11:49:53","guid":{"rendered":"https:\/\/stadtlaborgraz.at\/?p=4409"},"modified":"2024-05-14T12:10:42","modified_gmt":"2024-05-14T10:10:42","slug":"fruhjahrsputz-2024","status":"publish","type":"post","link":"https:\/\/stadtlaborgraz.at\/de\/2024\/05\/fruhjahrsputz-2024\/","title":{"rendered":"Fr\u00fchjahrsputz 2024"},"content":{"rendered":"\n<div class=\"wp-block-cover alignfull is-light is-repeated\" style=\"min-height:20em;aspect-ratio:unset;\" id=\"blog_cover\"><span aria-hidden=\"true\" class=\"wp-block-cover__background has-background-dim-0 has-background-dim\"><\/span><div class=\"wp-block-cover__image-background wp-image-1356 is-repeated\" style=\"background-position:50% 50%;background-image:url(https:\/\/stadtlaborgraz.at\/wp-content\/uploads\/2022\/02\/Header_Illustrationen800x300_hell.png)\"><\/div><div class=\"wp-block-cover__inner-container is-layout-flow wp-block-cover-is-layout-flow\">\n<h1 class=\"wp-block-heading has-text-align-center has-nv-text-dark-bg-color has-text-color\" id=\"smash-zukunftswerkstatt\">Fr\u00fchjahrsputzaktion 2024<\/h1>\n\n\n\n<div class=\"wp-block-columns is-not-stacked-on-mobile animated fadeIn ticss-3f8f1ed4 is-layout-flex wp-container-core-columns-is-layout-9d6595d7 wp-block-columns-is-layout-flex\">\n<div class=\"wp-block-column has-small-font-size has-text-align-right is-layout-flow wp-block-column-is-layout-flow\"><\/div>\n\n\n\n<div class=\"wp-block-column is-layout-flow wp-block-column-is-layout-flow\"><div class=\"has-text-align-left wp-block-post-date has-text-color has-nv-text-dark-bg-color has-small-font-size\"><time datetime=\"2024-05-13T13:49:53+02:00\">13. Mai 2024<\/time><\/div><\/div>\n<\/div>\n<\/div><\/div>\n\n\n\n<div style=\"height:100px\" aria-hidden=\"true\" class=\"wp-block-spacer\"><\/div>\n\n\n\n<div class=\"wp-block-columns is-layout-flex wp-container-core-columns-is-layout-9d6595d7 wp-block-columns-is-layout-flex\">\n<div class=\"wp-block-column is-vertically-aligned-top ticss-89455d6d has-nv-light-bg-background-color has-background is-layout-flow wp-block-column-is-layout-flow\" style=\"flex-basis:35%\" id=\"blog_entrytextbox\">\n<p class=\"ticss-e1718089 has-neve-link-color-color has-text-color has-medium-font-size\">Auch in diesem Jahr haben unsere Au\u00dfenstellen mit den Bewohner:innen ihre Quartiere gereinigt und beim gro\u00dfen steirischen Fr\u00fchjahrsputz teilgenommen. Vor allem Kinder und Jugendliche beteiligten sich bei den Aktionen!<br><br><br><\/p>\n<\/div>\n\n\n\n<div class=\"wp-block-column is-vertically-aligned-top is-layout-flow wp-block-column-is-layout-flow\">\n<div id=\"wp-block-themeisle-blocks-slider-c78620c7\" class=\"wp-block-themeisle-blocks-slider glide\" data-per-view=\"1\" data-gap=\"0\" data-peek=\"0\" data-autoplay=\"false\" data-height=\"400px\" data-hide-arrows=\"true\"><div class=\"glide__track\" data-glide-el=\"track\"><div class=\"glide__slides\"><div class=\"wp-block-themeisle-blocks-slider-item-wrapper glide__slide\" tabindex=\"0\"><figure><img decoding=\"async\" class=\"wp-block-themeisle-blocks-slider-item\" src=\"https:\/\/stadtlaborgraz.at\/wp-content\/uploads\/2024\/05\/Fruehjahrsputz-2024-1.png\" alt=\"\" title=\"\" data-id=\"4411\"\/><\/figure><\/div><div class=\"wp-block-themeisle-blocks-slider-item-wrapper glide__slide\" tabindex=\"0\"><figure><img decoding=\"async\" class=\"wp-block-themeisle-blocks-slider-item\" src=\"https:\/\/stadtlaborgraz.at\/wp-content\/uploads\/2024\/05\/Fruehjahrsputz-2024-2.png\" alt=\"\" title=\"\" data-id=\"4412\"\/><\/figure><\/div><div class=\"wp-block-themeisle-blocks-slider-item-wrapper glide__slide\" tabindex=\"0\"><figure><img decoding=\"async\" class=\"wp-block-themeisle-blocks-slider-item\" src=\"https:\/\/stadtlaborgraz.at\/wp-content\/uploads\/2024\/05\/Fruehjahrsputz-2024-3.png\" alt=\"\" title=\"\" data-id=\"4413\"\/><figcaption>\u00a9 Stadtteilarbeit EggenLend<\/figcaption><\/figure><\/div><\/div><div class=\"glide__bullets\" data-glide-el=\"controls[nav]\"><button class=\"glide__bullet\" data-glide-dir=\"=0\"><\/button><button class=\"glide__bullet\" data-glide-dir=\"=1\"><\/button><button class=\"glide__bullet\" data-glide-dir=\"=2\"><\/button><\/div><\/div><\/div>\n<\/div>\n<\/div>\n\n\n\n<p>Die Aktion &#8222;Der gro\u00dfe steirische Fr\u00fchjahrsputz 2024&#8220; fand auch heuer wieder statt. Im Zeitraum von 20. M\u00e4rz bis 4. Mai 2024 haben auch unsere vier Au\u00dfenstellen ihre Quartiere und Stadtteile gereinigt.<br><br><strong>Stadtteilmanagement vor.ort<\/strong><br>Gemeinsam mit vielen weiteren Initiativen aus der Nachbarschaft war eine bunt gemischte Gruppe in der mySmartCity Graz unterwegs. Dabei waren: Jugendzentrum Eggenlend, Stadtteilarbeit Eggenlend und die Natur.Werk.Stadt.<br><br><strong>Quartiersb\u00fcro &#8222;mittendrin<\/strong>&#8222;<br>Im Puntigamer Brauquartier machten sich, wie jedes Jahr, vor allem die Kinder des Quartiers auf die Suche nach M\u00fcll. Gemeinsam mit unserem Kollegen Charly wurden zuerst die M\u00fcllzangen gebastelt und dann ging es durch das Quartier. Nicht nur die Kinder hatten dabei ihren Spa\u00df, auch die Nachbar:innen, die das eifrige M\u00fcllsammeln von den Balkonen aus beobachteten und die Kinder mit kleinen Snacks versorgten.<\/p>\n\n\n\n<p><strong>Quartier4 am Grillweg<\/strong><br>Und auch am Grillweg waren vor allem Kinder unterwegs. Der J\u00fcngste, ein Baby mit 10 Monaten. F\u00fcr ihn und alle anderen Nachbar:innen haben drei Frauen und drei Buben kiloweise Zigarettenstummel gesammelt. Au\u00dferdem haben die Buben ein Maskottchen f\u00fcr das Quartier4 bestimmt: Lily das lila P\u00fcppchen.<\/p>\n\n\n\n<p>Vielen Dank allen Engagierten und wir freuen uns schon auf n\u00e4chstes Jahr!<\/p>\n","protected":false},"excerpt":{"rendered":"<p>Auch in diesem Jahr haben unsere Au\u00dfenstellen ihre Quartiere und Stadtteile gereinigt und beim gro\u00dfen steirischen Fr\u00fchjahrsputz teilgenommen. Vor allem Kinder und Jugendliche beteiligten sich bei den Aktionen!<\/p>\n","protected":false},"author":2,"featured_media":4412,"comment_status":"open","ping_status":"closed","sticky":false,"template":"","format":"standard","meta":{"neve_meta_sidebar":"","neve_meta_container":"","neve_meta_enable_content_width":"","neve_meta_content_width":0,"neve_meta_title_alignment":"","neve_meta_author_avatar":"","neve_post_elements_order":"[\"content\",\"tags\",\"post-navigation\"]","neve_meta_disable_header":"","neve_meta_disable_footer":"","neve_meta_disable_title":"","_themeisle_gutenberg_block_has_review":false,"footnotes":""},"categories":[1],"tags":[29,27],"class_list":["post-4409","post","type-post","status-publish","format-standard","has-post-thumbnail","hentry","category-news","tag-stadtteile","tag-quartiere"],"_links":{"self":[{"href":"https:\/\/stadtlaborgraz.at\/de\/wp-json\/wp\/v2\/posts\/4409","targetHints":{"allow":["GET"]}}],"collection":[{"href":"https:\/\/stadtlaborgraz.at\/de\/wp-json\/wp\/v2\/posts"}],"about":[{"href":"https:\/\/stadtlaborgraz.at\/de\/wp-json\/wp\/v2\/types\/post"}],"author":[{"embeddable":true,"href":"https:\/\/stadtlaborgraz.at\/de\/wp-json\/wp\/v2\/users\/2"}],"replies":[{"embeddable":true,"href":"https:\/\/stadtlaborgraz.at\/de\/wp-json\/wp\/v2\/comments?post=4409"}],"version-history":[{"count":3,"href":"https:\/\/stadtlaborgraz.at\/de\/wp-json\/wp\/v2\/posts\/4409\/revisions"}],"predecessor-version":[{"id":4429,"href":"https:\/\/stadtlaborgraz.at\/de\/wp-json\/wp\/v2\/posts\/4409\/revisions\/4429"}],"wp:featuredmedia":[{"embeddable":true,"href":"https:\/\/stadtlaborgraz.at\/de\/wp-json\/wp\/v2\/media\/4412"}],"wp:attachment":[{"href":"https:\/\/stadtlaborgraz.at\/de\/wp-json\/wp\/v2\/media?parent=4409"}],"wp:term":[{"taxonomy":"category","embeddable":true,"href":"https:\/\/stadtlaborgraz.at\/de\/wp-json\/wp\/v2\/categories?post=4409"},{"taxonomy":"post_tag","embeddable":true,"href":"https:\/\/stadtlaborgraz.at\/de\/wp-json\/wp\/v2\/tags?post=4409"}],"curies":[{"name":"wp","href":"https:\/\/api.w.org\/{rel}","templated":true}]}}