{"id":4324,"date":"2024-03-11T13:00:39","date_gmt":"2024-03-11T12:00:39","guid":{"rendered":"https:\/\/stadtlaborgraz.at\/?p=4324"},"modified":"2024-03-11T13:01:05","modified_gmt":"2024-03-11T12:01:05","slug":"klimaeuro-forderung-der-stadt-graz","status":"publish","type":"post","link":"https:\/\/stadtlaborgraz.at\/de\/2024\/03\/klimaeuro-forderung-der-stadt-graz\/","title":{"rendered":"Klimaeuro+ F\u00f6rderung der Stadt Graz"},"content":{"rendered":"\n<div class=\"wp-block-cover alignfull is-light is-repeated\" style=\"min-height:20em;aspect-ratio:unset;\" id=\"blog_cover\"><span aria-hidden=\"true\" class=\"wp-block-cover__background has-background-dim-0 has-background-dim\"><\/span><div role=\"img\" class=\"wp-block-cover__image-background wp-image-1356 is-repeated\" style=\"background-position:50% 50%;background-image:url(https:\/\/stadtlaborgraz.at\/wp-content\/uploads\/2022\/02\/Header_Illustrationen800x300_hell.png)\"><\/div><div class=\"wp-block-cover__inner-container is-layout-flow wp-block-cover-is-layout-flow\">\n<h1 class=\"wp-block-heading has-text-align-center has-nv-text-dark-bg-color has-text-color\" id=\"smash-zukunftswerkstatt\">Klimaeuro+ der Stadt Graz<\/h1>\n\n\n\n<div class=\"wp-block-columns is-not-stacked-on-mobile animated fadeIn ticss-3f8f1ed4 is-layout-flex wp-container-core-columns-is-layout-9d6595d7 wp-block-columns-is-layout-flex\">\n<div class=\"wp-block-column has-small-font-size has-text-align-right is-layout-flow wp-block-column-is-layout-flow\"><\/div>\n\n\n\n<div class=\"wp-block-column is-layout-flow wp-block-column-is-layout-flow\"><div class=\"has-text-align-left wp-block-post-date has-text-color has-nv-text-dark-bg-color has-small-font-size\"><time datetime=\"2024-03-11T13:00:39+01:00\">11. M\u00e4rz 2024<\/time><\/div><\/div>\n<\/div>\n<\/div><\/div>\n\n\n\n<div style=\"height:100px\" aria-hidden=\"true\" class=\"wp-block-spacer\"><\/div>\n\n\n\n<div class=\"wp-block-columns is-layout-flex wp-container-core-columns-is-layout-9d6595d7 wp-block-columns-is-layout-flex\">\n<div class=\"wp-block-column is-vertically-aligned-top ticss-89455d6d has-nv-light-bg-background-color has-background is-layout-flow wp-block-column-is-layout-flow\" style=\"flex-basis:35%\" id=\"blog_entrytextbox\">\n<p class=\"ticss-e1718089 has-neve-link-color-color has-text-color has-medium-font-size\">Der Klimaeuro+ ist ein finanzielles Unterst\u00fctzungsangebot der Stadt Graz, welches von privaten Initiativen und Gruppen abgeholt werden kann. Ziel ist es, Mitmach-Aktionen f\u00fcr den Klimaschutz damit durchzuf\u00fchren.<br><br><a href=\"https:\/\/www.graz.at\/cms\/beitrag\/10418698\/9229865\/\" data-type=\"link\" data-id=\"https:\/\/www.graz.at\/cms\/beitrag\/10418698\/9229865\/\">Infos zum Klimaeuro+<\/a><br><\/p>\n<\/div>\n\n\n\n<div class=\"wp-block-column is-vertically-aligned-top is-layout-flow wp-block-column-is-layout-flow\">\n<div id=\"wp-block-themeisle-blocks-slider-c78620c7\" class=\"wp-block-themeisle-blocks-slider glide\" data-per-view=\"1\" data-gap=\"0\" data-peek=\"0\" data-autoplay=\"false\" data-height=\"400px\" data-hide-arrows=\"true\"><div class=\"glide__track\" data-glide-el=\"track\"><div class=\"glide__slides\"><div class=\"wp-block-themeisle-blocks-slider-item-wrapper glide__slide\" tabindex=\"0\"><figure><img decoding=\"async\" class=\"wp-block-themeisle-blocks-slider-item\" src=\"https:\/\/stadtlaborgraz.at\/wp-content\/uploads\/2024\/03\/Graz-Rathaus.png\" alt=\"\" title=\"\" data-id=\"4327\"\/><\/figure><\/div><\/div><div class=\"glide__bullets\" data-glide-el=\"controls[nav]\"><button class=\"glide__bullet\" data-glide-dir=\"=0\"><\/button><\/div><\/div><\/div>\n<\/div>\n<\/div>\n\n\n\n<p><strong>Was ist der Klimaeuro+?<\/strong><\/p>\n\n\n\n<ul class=\"wp-block-list\">\n<li>Finanzielles Unterst\u00fctzungsangebot de Stadt Graz<\/li>\n\n\n\n<li>private Initiativen und Gruppen werden ermutigt, Mitmach-Aktionen zum Klimaschutz durchzuf\u00fchren<\/li>\n\n\n\n<li>Die Ma\u00dfnahmen werden mit bis zu 1.500 Euro unterst\u00fctzt<\/li>\n\n\n\n<li>tempor\u00e4re Aktion bis zur Aussch\u00f6pfung des Sonderbudgets von 100.000 \u20ac oder sp\u00e4testens bis zum 31.12.2024<\/li>\n<\/ul>\n\n\n\n<p><strong>Was wird gef\u00f6rdert?<\/strong><\/p>\n\n\n\n<p>Ma\u00dfnahmen, die andere Menschen informieren, sensibilisieren und aktivieren, um selbst einen Beitrag zum Klimaschutz zu leisten:<br>\u2022 Bewusstseinsbildende Ma\u00dfnahmen<br>\u2022 Informationsveranstaltungen<br>\u2022 Workshops<br>\u2022 Dialogforen<br>\u2022 Erforderliche Vorleistungen f\u00fcr Aktionen<\/p>\n\n\n\n<p>Themen k\u00f6nnen sein:<\/p>\n\n\n\n<ul class=\"wp-block-list\">\n<li>effiziente Nutzung von Energie\/Energiesparen<\/li>\n\n\n\n<li>Einsatz von erneuerbaren Energietr\u00e4gern<\/li>\n\n\n\n<li>klimafreundliche Mobilit\u00e4t<\/li>\n\n\n\n<li>nachhaltiges Sanieren und Bauen<\/li>\n\n\n\n<li>nachhaltiger Konsum (u.a. Regionalit\u00e4t, Saisonalit\u00e4t)<\/li>\n\n\n\n<li>Ressourcenschonung und Abfallvermeidung<\/li>\n\n\n\n<li>globale Verantwortung und Klimagerechtigkeit (z.B. Fairtrade)<br><\/li>\n<\/ul>\n\n\n\n<p><strong>F\u00f6rderkriterien<\/strong><\/p>\n\n\n\n<p><strong>Lokaler Bezug<\/strong>: Das Projekt muss einen direkten Nutzen f\u00fcr das Grazer Stadtgebiet bzw. seine Bewohner:innen<br>haben.<br><strong>Relevanz f\u00fcr den Klimaschutz<\/strong>: Die Ma\u00dfnahme muss einen Beitrag zum Klimaschutz leisten, indem sie Dritte zu einem klimafreundlichen Lebensstil motiviert und somit zu einer konkreten Reduzierung von Treibhausgasemissionen beitr\u00e4gt.<br><strong>\u00d6ffentlichkeitswirkung<\/strong>: Das Projekt soll eine gewisse \u00d6ffentlichkeitswirkung haben, um das Bewusstsein f\u00fcr den Klimaschutz in der Bev\u00f6lkerung zu st\u00e4rken und andere zur Nachahmung anzuregen<\/p>\n\n\n\n<p><strong>Wer wird gef\u00f6rdert?<\/strong><\/p>\n\n\n\n<ul class=\"wp-block-list\">\n<li>Personengruppe (mind. 3 Personen)<\/li>\n\n\n\n<li>Verein<\/li>\n\n\n\n<li>Arbeitsgemeinschaft<\/li>\n\n\n\n<li>Wohnungseigentumsgemeinschaft<\/li>\n\n\n\n<li>\u00d6ffentliche Einrichtung<\/li>\n\n\n\n<li>Kirche<\/li>\n\n\n\n<li>Stiftung<\/li>\n<\/ul>\n\n\n\n<p>Weitere Infos und Antragsmodalit\u00e4ten finden Sie unter: <a href=\"https:\/\/www.graz.at\/cms\/beitrag\/10418698\/9229865\/\">graz.at\/klimaeuro+<\/a><\/p>\n","protected":false},"excerpt":{"rendered":"<p>Der Klimaeuro+ ist ein finanzielles Unterst\u00fctzungsangebot der Stadt Graz, welches von privaten Initiativen und Gruppen abgeholt werden kann. Ziel ist es, Mitmach-Aktionen f\u00fcr den Klimaschutz damit durchzuf\u00fchren.<\/p>\n","protected":false},"author":2,"featured_media":4327,"comment_status":"open","ping_status":"closed","sticky":false,"template":"","format":"standard","meta":{"neve_meta_sidebar":"","neve_meta_container":"","neve_meta_enable_content_width":"","neve_meta_content_width":0,"neve_meta_title_alignment":"","neve_meta_author_avatar":"","neve_post_elements_order":"[\"content\",\"tags\",\"post-navigation\"]","neve_meta_disable_header":"","neve_meta_disable_footer":"","neve_meta_disable_title":"","_themeisle_gutenberg_block_has_review":false,"footnotes":""},"categories":[1],"tags":[],"class_list":["post-4324","post","type-post","status-publish","format-standard","has-post-thumbnail","hentry","category-news"],"_links":{"self":[{"href":"https:\/\/stadtlaborgraz.at\/de\/wp-json\/wp\/v2\/posts\/4324","targetHints":{"allow":["GET"]}}],"collection":[{"href":"https:\/\/stadtlaborgraz.at\/de\/wp-json\/wp\/v2\/posts"}],"about":[{"href":"https:\/\/stadtlaborgraz.at\/de\/wp-json\/wp\/v2\/types\/post"}],"author":[{"embeddable":true,"href":"https:\/\/stadtlaborgraz.at\/de\/wp-json\/wp\/v2\/users\/2"}],"replies":[{"embeddable":true,"href":"https:\/\/stadtlaborgraz.at\/de\/wp-json\/wp\/v2\/comments?post=4324"}],"version-history":[{"count":3,"href":"https:\/\/stadtlaborgraz.at\/de\/wp-json\/wp\/v2\/posts\/4324\/revisions"}],"predecessor-version":[{"id":4328,"href":"https:\/\/stadtlaborgraz.at\/de\/wp-json\/wp\/v2\/posts\/4324\/revisions\/4328"}],"wp:featuredmedia":[{"embeddable":true,"href":"https:\/\/stadtlaborgraz.at\/de\/wp-json\/wp\/v2\/media\/4327"}],"wp:attachment":[{"href":"https:\/\/stadtlaborgraz.at\/de\/wp-json\/wp\/v2\/media?parent=4324"}],"wp:term":[{"taxonomy":"category","embeddable":true,"href":"https:\/\/stadtlaborgraz.at\/de\/wp-json\/wp\/v2\/categories?post=4324"},{"taxonomy":"post_tag","embeddable":true,"href":"https:\/\/stadtlaborgraz.at\/de\/wp-json\/wp\/v2\/tags?post=4324"}],"curies":[{"name":"wp","href":"https:\/\/api.w.org\/{rel}","templated":true}]}}