{"id":3995,"date":"2023-11-13T10:28:32","date_gmt":"2023-11-13T09:28:32","guid":{"rendered":"https:\/\/stadtlaborgraz.at\/?p=3995"},"modified":"2023-11-14T09:01:19","modified_gmt":"2023-11-14T08:01:19","slug":"nachschau-herbstfeste-2023","status":"publish","type":"post","link":"https:\/\/stadtlaborgraz.at\/de\/2023\/11\/nachschau-herbstfeste-2023\/","title":{"rendered":"Nachschau Herbstfeste 2023"},"content":{"rendered":"\n<div class=\"wp-block-cover alignfull is-light is-repeated\" style=\"min-height:20em;aspect-ratio:unset;\" id=\"blog_cover\"><span aria-hidden=\"true\" class=\"wp-block-cover__background has-background-dim-0 has-background-dim\"><\/span><div role=\"img\" class=\"wp-block-cover__image-background wp-image-1356 is-repeated\" style=\"background-position:50% 50%;background-image:url(https:\/\/stadtlaborgraz.at\/wp-content\/uploads\/2022\/02\/Header_Illustrationen800x300_hell.png)\"><\/div><div class=\"wp-block-cover__inner-container is-layout-flow wp-block-cover-is-layout-flow\">\n<h1 class=\"wp-block-heading has-text-align-center has-nv-text-dark-bg-color has-text-color\" id=\"smash-zukunftswerkstatt\">Nachschau Herbstfeste 2023<\/h1>\n\n\n\n<div class=\"wp-block-columns is-not-stacked-on-mobile animated fadeIn ticss-3f8f1ed4 is-layout-flex wp-container-core-columns-is-layout-9d6595d7 wp-block-columns-is-layout-flex\">\n<div class=\"wp-block-column has-small-font-size has-text-align-right is-layout-flow wp-block-column-is-layout-flow\"><\/div>\n\n\n\n<div class=\"wp-block-column is-layout-flow wp-block-column-is-layout-flow\"><div class=\"has-text-align-left wp-block-post-date has-text-color has-nv-text-dark-bg-color has-small-font-size\"><time datetime=\"2023-11-13T10:28:32+01:00\">13. November 2023<\/time><\/div><\/div>\n<\/div>\n<\/div><\/div>\n\n\n\n<div style=\"height:100px\" aria-hidden=\"true\" class=\"wp-block-spacer\"><\/div>\n\n\n\n<div class=\"wp-block-columns is-layout-flex wp-container-core-columns-is-layout-9d6595d7 wp-block-columns-is-layout-flex\">\n<div class=\"wp-block-column is-vertically-aligned-top ticss-89455d6d has-nv-light-bg-background-color has-background is-layout-flow wp-block-column-is-layout-flow\" style=\"flex-basis:35%\" id=\"blog_entrytextbox\">\n<p class=\"ticss-e1718089 has-neve-link-color-color has-text-color has-medium-font-size\">Es wurde viel gefeiert, gespielt, gelacht und geschmaust!<br>Unsere Au\u00dfenstellen feierten im Oktober wieder ihre Herbstfeste.<br>Bilder sagen mehr als 1000 Worte, daher haben wir rechts eine kleine Fotogalerie zusammengestellt.<\/p>\n<\/div>\n\n\n\n<div class=\"wp-block-column is-vertically-aligned-top is-layout-flow wp-block-column-is-layout-flow\">\n<div id=\"wp-block-themeisle-blocks-slider-c78620c7\" class=\"wp-block-themeisle-blocks-slider glide\" data-per-view=\"1\" data-gap=\"0\" data-peek=\"0\" data-autoplay=\"false\" data-height=\"400px\" data-hide-arrows=\"true\"><div class=\"glide__track\" data-glide-el=\"track\"><div class=\"glide__slides\"><div class=\"wp-block-themeisle-blocks-slider-item-wrapper glide__slide\" tabindex=\"0\"><figure><img decoding=\"async\" class=\"wp-block-themeisle-blocks-slider-item\" src=\"https:\/\/stadtlaborgraz.at\/wp-content\/uploads\/2023\/11\/Herbstfest-2023-2.png\" alt=\"\" title=\"\" data-id=\"4063\"\/><figcaption>\u00a9 Mariann Danko<\/figcaption><\/figure><\/div><div class=\"wp-block-themeisle-blocks-slider-item-wrapper glide__slide\" tabindex=\"0\"><figure><img decoding=\"async\" class=\"wp-block-themeisle-blocks-slider-item\" src=\"https:\/\/stadtlaborgraz.at\/wp-content\/uploads\/2023\/11\/Herbstfest-2023-BQ-mittendrin-4.png\" alt=\"\" title=\"\" data-id=\"4034\"\/><\/figure><\/div><div class=\"wp-block-themeisle-blocks-slider-item-wrapper glide__slide\" tabindex=\"0\"><figure><img decoding=\"async\" class=\"wp-block-themeisle-blocks-slider-item\" src=\"https:\/\/stadtlaborgraz.at\/wp-content\/uploads\/2023\/11\/Herbstfest-2023-BQ-mittendrin-1.png\" alt=\"\" title=\"\" data-id=\"4028\"\/><figcaption>\u00a9 Mariann Danko<\/figcaption><\/figure><\/div><div class=\"wp-block-themeisle-blocks-slider-item-wrapper glide__slide\" tabindex=\"0\"><figure><img decoding=\"async\" class=\"wp-block-themeisle-blocks-slider-item\" src=\"https:\/\/stadtlaborgraz.at\/wp-content\/uploads\/2023\/11\/Herbstfest-2023-BQ-mittendrin-3.png\" alt=\"\" title=\"\" data-id=\"4033\"\/><\/figure><\/div><div class=\"wp-block-themeisle-blocks-slider-item-wrapper glide__slide\" tabindex=\"0\"><figure><img decoding=\"async\" class=\"wp-block-themeisle-blocks-slider-item\" src=\"https:\/\/stadtlaborgraz.at\/wp-content\/uploads\/2023\/11\/Herbstfest-2023-BQ-mittendrin-5.png\" alt=\"\" title=\"\" data-id=\"4025\"\/><\/figure><\/div><div class=\"wp-block-themeisle-blocks-slider-item-wrapper glide__slide\" tabindex=\"0\"><figure><img decoding=\"async\" class=\"wp-block-themeisle-blocks-slider-item\" src=\"https:\/\/stadtlaborgraz.at\/wp-content\/uploads\/2023\/11\/Herbstfest-2023-BQ-mittendrin-6.png\" alt=\"\" title=\"\" data-id=\"4026\"\/><\/figure><\/div><div class=\"wp-block-themeisle-blocks-slider-item-wrapper glide__slide\" tabindex=\"0\"><figure><img decoding=\"async\" class=\"wp-block-themeisle-blocks-slider-item\" src=\"https:\/\/stadtlaborgraz.at\/wp-content\/uploads\/2023\/11\/Herbstfest-2023-1.png\" alt=\"\" title=\"\" data-id=\"4064\"\/><\/figure><\/div><div class=\"wp-block-themeisle-blocks-slider-item-wrapper glide__slide\" tabindex=\"0\"><figure><img decoding=\"async\" class=\"wp-block-themeisle-blocks-slider-item\" src=\"https:\/\/stadtlaborgraz.at\/wp-content\/uploads\/2023\/11\/Spatenstich-Smart-City-4.png\" alt=\"\" title=\"\" data-id=\"4032\"\/><\/figure><\/div><div class=\"wp-block-themeisle-blocks-slider-item-wrapper glide__slide\" tabindex=\"0\"><figure><img decoding=\"async\" class=\"wp-block-themeisle-blocks-slider-item\" src=\"https:\/\/stadtlaborgraz.at\/wp-content\/uploads\/2023\/11\/Spatenstich-Smart-City-3.png\" alt=\"\" title=\"\" data-id=\"4031\"\/><\/figure><\/div><div class=\"wp-block-themeisle-blocks-slider-item-wrapper glide__slide\" tabindex=\"0\"><figure><img decoding=\"async\" class=\"wp-block-themeisle-blocks-slider-item\" src=\"https:\/\/stadtlaborgraz.at\/wp-content\/uploads\/2023\/11\/Spatenstich-Smart-City-2.png\" alt=\"\" title=\"\" data-id=\"4030\"\/><\/figure><\/div><div class=\"wp-block-themeisle-blocks-slider-item-wrapper glide__slide\" tabindex=\"0\"><figure><img decoding=\"async\" class=\"wp-block-themeisle-blocks-slider-item\" src=\"https:\/\/stadtlaborgraz.at\/wp-content\/uploads\/2023\/11\/Spatenstich-Smart-City-1.png\" alt=\"\" title=\"\" data-id=\"4027\"\/><\/figure><\/div><div class=\"wp-block-themeisle-blocks-slider-item-wrapper glide__slide\" tabindex=\"0\"><figure><img decoding=\"async\" class=\"wp-block-themeisle-blocks-slider-item\" src=\"https:\/\/stadtlaborgraz.at\/wp-content\/uploads\/2023\/11\/Herbstfest-smart-City-1.png\" alt=\"\" title=\"\" data-id=\"4024\"\/><\/figure><\/div><div class=\"wp-block-themeisle-blocks-slider-item-wrapper glide__slide\" tabindex=\"0\"><figure><img decoding=\"async\" class=\"wp-block-themeisle-blocks-slider-item\" src=\"https:\/\/stadtlaborgraz.at\/wp-content\/uploads\/2023\/11\/Herbstfest-smart-City-2.png\" alt=\"\" title=\"\" data-id=\"4023\"\/><\/figure><\/div><\/div><div class=\"glide__bullets\" data-glide-el=\"controls[nav]\"><button class=\"glide__bullet\" data-glide-dir=\"=0\"><\/button><button class=\"glide__bullet\" data-glide-dir=\"=1\"><\/button><button class=\"glide__bullet\" data-glide-dir=\"=2\"><\/button><button class=\"glide__bullet\" data-glide-dir=\"=3\"><\/button><button class=\"glide__bullet\" data-glide-dir=\"=4\"><\/button><button class=\"glide__bullet\" data-glide-dir=\"=5\"><\/button><button class=\"glide__bullet\" data-glide-dir=\"=6\"><\/button><button class=\"glide__bullet\" data-glide-dir=\"=7\"><\/button><button class=\"glide__bullet\" data-glide-dir=\"=8\"><\/button><button class=\"glide__bullet\" data-glide-dir=\"=9\"><\/button><button class=\"glide__bullet\" data-glide-dir=\"=10\"><\/button><button class=\"glide__bullet\" data-glide-dir=\"=11\"><\/button><button class=\"glide__bullet\" data-glide-dir=\"=12\"><\/button><\/div><\/div><\/div>\n<\/div>\n<\/div>\n\n\n\n<p><strong>Herbstfest im Quartiersb\u00fcro mittendrin<\/strong><br><br>Das Quartiersmanagement des StadtLABORs organisierte am 6. Oktober 2023 bereits zum 4. Mal das nachbarschaftliche Zusammenkommen. Bei Maroni und Sturm konnten sich die Nachbar:innen austauschen und sich kennen lernen. Neben einem kleinen Tauschen-Schenken-Kaufen-Markt wurde das Fest durch den Spielebus von Jakotopia bespa\u00dft.<\/p>\n\n\n\n<p><strong>Herbstfest im Quartiersb\u00fcro Q4<\/strong><\/p>\n\n\n\n<p>Am 20. Oktober lud unsere Kollegin Zeynep in ihr Quartiersb\u00fcro am Grillweg und feierte mit Gro\u00df und Klein den Herbst.<br>Mit Maroni und anderen Snacks wurde der Innenhof des Quartiers unsicher gemacht und f\u00fcr die Kinder gab es mit dem StadtLABOR Lastenrad ein paar Spritztouren. <br><\/p>\n\n\n\n<p><strong>Nachbarschaftsfest mySmartCity Graz<\/strong><br><br>Am 24. Oktober 2023 lud unser Stadtteilmanagement vor.ort zu einem bunten Programm in die mySmartCity Graz.<br>Um 12 Uhr wurde der Spatenstich zum Nikolaus-Harnoncourt-Park gefeiert. Im Beisein von Judith Schwentner und weiteren Akteur:innen der Stadtteilentwicklung fand danach ein Get-Together statt, wo Nachbar:innen und Interessierte ihre Fragen stellen konnten. Vor allem auf die Gestaltung des neuen Parkes waren viele Besucher:innen gespannt.<br>Im Anschluss wurde gemeinsam mit der Natur.Werk.Stadt weiter gefeiert. Mit Live Musik, Mit-Mach-Stationen, Maroni und belegten Br\u00f6tchen von Liming Spot fand der Nachmittag einen feinen Ausklang.<\/p>\n","protected":false},"excerpt":{"rendered":"<p>Wir haben eine kleine Nachschau zu unseren Herbstfesten zusammengestellt.<\/p>\n","protected":false},"author":2,"featured_media":4025,"comment_status":"open","ping_status":"closed","sticky":false,"template":"","format":"standard","meta":{"neve_meta_sidebar":"","neve_meta_container":"","neve_meta_enable_content_width":"","neve_meta_content_width":0,"neve_meta_title_alignment":"","neve_meta_author_avatar":"","neve_post_elements_order":"[\"content\",\"tags\",\"post-navigation\"]","neve_meta_disable_header":"","neve_meta_disable_footer":"","neve_meta_disable_title":"","_themeisle_gutenberg_block_has_review":false,"footnotes":""},"categories":[1],"tags":[20,27],"class_list":["post-3995","post","type-post","status-publish","format-standard","has-post-thumbnail","hentry","category-news","tag-frauentag","tag-quartiere"],"_links":{"self":[{"href":"https:\/\/stadtlaborgraz.at\/de\/wp-json\/wp\/v2\/posts\/3995","targetHints":{"allow":["GET"]}}],"collection":[{"href":"https:\/\/stadtlaborgraz.at\/de\/wp-json\/wp\/v2\/posts"}],"about":[{"href":"https:\/\/stadtlaborgraz.at\/de\/wp-json\/wp\/v2\/types\/post"}],"author":[{"embeddable":true,"href":"https:\/\/stadtlaborgraz.at\/de\/wp-json\/wp\/v2\/users\/2"}],"replies":[{"embeddable":true,"href":"https:\/\/stadtlaborgraz.at\/de\/wp-json\/wp\/v2\/comments?post=3995"}],"version-history":[{"count":8,"href":"https:\/\/stadtlaborgraz.at\/de\/wp-json\/wp\/v2\/posts\/3995\/revisions"}],"predecessor-version":[{"id":4067,"href":"https:\/\/stadtlaborgraz.at\/de\/wp-json\/wp\/v2\/posts\/3995\/revisions\/4067"}],"wp:featuredmedia":[{"embeddable":true,"href":"https:\/\/stadtlaborgraz.at\/de\/wp-json\/wp\/v2\/media\/4025"}],"wp:attachment":[{"href":"https:\/\/stadtlaborgraz.at\/de\/wp-json\/wp\/v2\/media?parent=3995"}],"wp:term":[{"taxonomy":"category","embeddable":true,"href":"https:\/\/stadtlaborgraz.at\/de\/wp-json\/wp\/v2\/categories?post=3995"},{"taxonomy":"post_tag","embeddable":true,"href":"https:\/\/stadtlaborgraz.at\/de\/wp-json\/wp\/v2\/tags?post=3995"}],"curies":[{"name":"wp","href":"https:\/\/api.w.org\/{rel}","templated":true}]}}