{"id":3922,"date":"2023-09-17T13:12:35","date_gmt":"2023-09-17T11:12:35","guid":{"rendered":"https:\/\/stadtlaborgraz.at\/?p=3922"},"modified":"2023-11-13T15:58:25","modified_gmt":"2023-11-13T14:58:25","slug":"vernetzungstreffen-kreislauf-findet-freie-flache","status":"publish","type":"post","link":"https:\/\/stadtlaborgraz.at\/de\/2023\/09\/vernetzungstreffen-kreislauf-findet-freie-flache\/","title":{"rendered":"Vernetzungstreffen &#8222;Kreislauf findet freie Fl\u00e4che&#8220;"},"content":{"rendered":"\n<div class=\"wp-block-cover alignfull is-light is-repeated\" style=\"min-height:20em;aspect-ratio:unset;\" id=\"blog_cover\"><span aria-hidden=\"true\" class=\"wp-block-cover__background has-background-dim-0 has-background-dim\"><\/span><div role=\"img\" class=\"wp-block-cover__image-background wp-image-1356 is-repeated\" style=\"background-position:50% 50%;background-image:url(https:\/\/stadtlaborgraz.at\/wp-content\/uploads\/2022\/02\/Header_Illustrationen800x300_hell.png)\"><\/div><div class=\"wp-block-cover__inner-container is-layout-flow wp-block-cover-is-layout-flow\">\n<h1 class=\"wp-block-heading has-text-align-center has-nv-text-dark-bg-color has-text-color\" id=\"smash-zukunftswerkstatt\">Vernetzungstreffen &#8222;Kreislauf findet freie Fl\u00e4che&#8220;<\/h1>\n\n\n\n<div class=\"wp-block-columns is-not-stacked-on-mobile animated fadeIn ticss-3f8f1ed4 is-layout-flex wp-container-core-columns-is-layout-9d6595d7 wp-block-columns-is-layout-flex\">\n<div class=\"wp-block-column has-small-font-size has-text-align-right is-layout-flow wp-block-column-is-layout-flow\"><\/div>\n\n\n\n<div class=\"wp-block-column is-layout-flow wp-block-column-is-layout-flow\"><div class=\"has-text-align-left wp-block-post-date has-text-color has-nv-text-dark-bg-color has-small-font-size\"><time datetime=\"2023-09-17T13:12:35+02:00\">17. September 2023<\/time><\/div><\/div>\n<\/div>\n<\/div><\/div>\n\n\n\n<div style=\"height:100px\" aria-hidden=\"true\" class=\"wp-block-spacer\"><\/div>\n\n\n\n<div class=\"wp-block-columns is-layout-flex wp-container-core-columns-is-layout-9d6595d7 wp-block-columns-is-layout-flex\">\n<div class=\"wp-block-column is-vertically-aligned-top ticss-89455d6d has-nv-light-bg-background-color has-background is-layout-flow wp-block-column-is-layout-flow\" style=\"flex-basis:35%\" id=\"blog_entrytextbox\">\n<p class=\"ticss-e1718089 has-neve-link-color-color has-text-color has-medium-font-size\">Im Rahmen des Projektes &#8222;NiCE &#8211; From Niche to Centre&#8220; veranstalten wir ein Vernetzungstreffen f\u00fcr Leerstandseigent\u00fcmer:innen und Kreislaufwirtschaftsakteure!<br><br>WANN: Dienstag, 17. Oktober 2023 von 12:30-15:30 Uhr im Lendhafen <\/p>\n\n\n\n<p class=\"ticss-e1718089 has-neve-link-color-color has-text-color has-medium-font-size\"><a href=\"https:\/\/stadtlaborgraz.at\/wp-content\/uploads\/2023\/11\/Flyer_NiCE.png\" data-type=\"link\" data-id=\"https:\/\/stadtlaborgraz.at\/wp-content\/uploads\/2023\/09\/Einladung_nice.pdf\">Projektflyer<\/a><\/p>\n<\/div>\n\n\n\n<div class=\"wp-block-column is-vertically-aligned-top is-layout-flow wp-block-column-is-layout-flow\">\n<div id=\"wp-block-themeisle-blocks-slider-c78620c7\" class=\"wp-block-themeisle-blocks-slider glide\" data-per-view=\"1\" data-gap=\"0\" data-peek=\"0\" data-autoplay=\"false\" data-height=\"400px\" data-hide-arrows=\"true\"><div class=\"glide__track\" data-glide-el=\"track\"><div class=\"glide__slides\"><div class=\"wp-block-themeisle-blocks-slider-item-wrapper glide__slide\" tabindex=\"0\"><figure><img decoding=\"async\" class=\"wp-block-themeisle-blocks-slider-item\" src=\"https:\/\/stadtlaborgraz.at\/wp-content\/uploads\/2023\/11\/NiCE-Logo-2.png\" alt=\"\" title=\"\" data-id=\"4051\"\/><\/figure><\/div><div class=\"wp-block-themeisle-blocks-slider-item-wrapper glide__slide\" tabindex=\"0\"><figure><img decoding=\"async\" class=\"wp-block-themeisle-blocks-slider-item\" src=\"https:\/\/stadtlaborgraz.at\/wp-content\/uploads\/2023\/06\/NiCE-Projekt-2.png\" alt=\"\" title=\"\" data-id=\"3656\"\/><\/figure><\/div><\/div><div class=\"glide__bullets\" data-glide-el=\"controls[nav]\"><button class=\"glide__bullet\" data-glide-dir=\"=0\"><\/button><button class=\"glide__bullet\" data-glide-dir=\"=1\"><\/button><\/div><\/div><\/div>\n<\/div>\n<\/div>\n\n\n\n<p>Mit dem Vernetzungstreffen &#8222;Kreislauf findet freie Fl\u00e4che&#8220; wollen wir gemeinsam mit der Abteilung f\u00fcr Wirtschafts- und Tourismusentwicklung und dem Umweltamt der Stadt Graz die Nachfrage und Angebotsseite in Sachen Leerst\u00e4nden und Gewerbetreibende zusammenbringen.<br>Dabei legen wir den Fokus auf innerst\u00e4dtische freie Gewerbefl\u00e4chen und Akteure aus der Kreislaufwirtschaft. Ziel der Veranstaltung ist es, freie Fl\u00e4chen und Leerst\u00e4nde zu beleben, Kreislaufwirtschaftskonzepte und nachhaltige Konsumformen in den Fokus r\u00fccken und ihnen Raum geben und die Grazer Innenstadt aktiv mitzugestalten und Visionen zu erarbeiten.<\/p>\n\n\n\n<p>WANN: Dienstag, 17. Oktober 2023, 12.30-15.30 Uhr<br>WO: Lendhafen Graz, Lendkai 17<\/p>\n\n\n\n<p><strong>PROGRAMM:<\/strong><\/p>\n\n\n\n<p class=\"has-text-align-left\"><strong>12.30-13.00 Uhr<\/strong>: <strong>Begr\u00fc\u00dfung und Einf\u00fchrung<\/strong><br>Barbara Hammerl, StadtLABOR<br>Pia Paierl, Wirtschafts- und Tourismusentwicklung Stadt Graz<br>Christopher Lindmayr, Umweltamt Stadt Graz<\/p>\n\n\n\n<p class=\"has-text-align-left\"><strong>Vorstellung des Projektes &#8222;NiCE &#8211; From Niche to Centre&#8220;<\/strong><br>Franziska Schruth, StadtLABOR<\/p>\n\n\n\n<p class=\"has-text-align-left\"><strong>Impulsvortrag und Inspiration:<\/strong><br>Mirjam Mieschendahl, Gr\u00fcnderin von imGr\u00e4tzl.at &amp; WeLocally.at<\/p>\n\n\n\n<p><strong>13.00-14.00 Uhr:<\/strong> <strong>Mini-Pr\u00e4sentation von Konzepten der Kreislaufwirtschaftsaketure &amp; Vorstellung der freien Fl\u00e4chen<\/strong><\/p>\n\n\n\n<p>Pr\u00e4sentation\/Pitch: 2min Vorstellung der Vision von Kreislaufwirtschaftsakteuren<br>Wonach suchen Sie? Warum ist die Idee besonders? Was planen Sie die n\u00e4chsten 2-3 Jahre?<br>Vorstellung Freie Fl\u00e4chen: Gr\u00f6\u00dfe, Lage, Ausstattung&#8230;<br>Bitte um Anmeldung der Pr\u00e4sentationen und Vorstellung in der Anmelde-Mail!<br><\/p>\n\n\n\n<p><strong>14.00-14.20 Uhr: Pause und Netzwerken<\/strong><\/p>\n\n\n\n<p><strong>14.20-15.30 Uhr: Marktplatz der M\u00f6glichkeiten<\/strong><br>Interaktives Setting und Erarbeitung gemeinsamer L\u00f6sungen und Konzepte<\/p>\n\n\n\n<p><\/p>\n\n\n\n<p>Aus organisatorischen Gr\u00fcnden bitten wir um eine<br>Anmeldung der Teilnehmer:innen, Mini-Pr\u00e4sentationen und Vorstellung der freien Fl\u00e4chen bis<br>Freitag, 13.10.2023 an: <a href=\"mailto:office@stadtlaborgraz.at\">office@stadtlaborgraz.at<\/a> oder <a href=\"https:\/\/www.umbuzoo.de\/d\/6509b78cc15cac6a75621b97\/de\/\" data-type=\"link\" data-id=\"https:\/\/www.umbuzoo.de\/d\/6509b78cc15cac6a75621b97\/de\/\">online<\/a><br><br><br><\/p>\n","protected":false},"excerpt":{"rendered":"<p>Im Rahmen des Projektes &#8222;NiCE &#8211; From Niche to Centre&#8220; veranstalten wir ein Vernetzungstreffen f\u00fcr Leerstandseigent\u00fcmer:innen und Kreislaufwirtschaftsakteure!<\/p>\n","protected":false},"author":2,"featured_media":3656,"comment_status":"open","ping_status":"closed","sticky":false,"template":"","format":"standard","meta":{"neve_meta_sidebar":"","neve_meta_container":"","neve_meta_enable_content_width":"","neve_meta_content_width":0,"neve_meta_title_alignment":"","neve_meta_author_avatar":"","neve_post_elements_order":"[\"content\",\"tags\",\"post-navigation\"]","neve_meta_disable_header":"","neve_meta_disable_footer":"","neve_meta_disable_title":"","_themeisle_gutenberg_block_has_review":false,"footnotes":""},"categories":[1],"tags":[34,20],"class_list":["post-3922","post","type-post","status-publish","format-standard","has-post-thumbnail","hentry","category-news","tag-ressourcenschonung","tag-frauentag"],"_links":{"self":[{"href":"https:\/\/stadtlaborgraz.at\/de\/wp-json\/wp\/v2\/posts\/3922","targetHints":{"allow":["GET"]}}],"collection":[{"href":"https:\/\/stadtlaborgraz.at\/de\/wp-json\/wp\/v2\/posts"}],"about":[{"href":"https:\/\/stadtlaborgraz.at\/de\/wp-json\/wp\/v2\/types\/post"}],"author":[{"embeddable":true,"href":"https:\/\/stadtlaborgraz.at\/de\/wp-json\/wp\/v2\/users\/2"}],"replies":[{"embeddable":true,"href":"https:\/\/stadtlaborgraz.at\/de\/wp-json\/wp\/v2\/comments?post=3922"}],"version-history":[{"count":14,"href":"https:\/\/stadtlaborgraz.at\/de\/wp-json\/wp\/v2\/posts\/3922\/revisions"}],"predecessor-version":[{"id":4062,"href":"https:\/\/stadtlaborgraz.at\/de\/wp-json\/wp\/v2\/posts\/3922\/revisions\/4062"}],"wp:featuredmedia":[{"embeddable":true,"href":"https:\/\/stadtlaborgraz.at\/de\/wp-json\/wp\/v2\/media\/3656"}],"wp:attachment":[{"href":"https:\/\/stadtlaborgraz.at\/de\/wp-json\/wp\/v2\/media?parent=3922"}],"wp:term":[{"taxonomy":"category","embeddable":true,"href":"https:\/\/stadtlaborgraz.at\/de\/wp-json\/wp\/v2\/categories?post=3922"},{"taxonomy":"post_tag","embeddable":true,"href":"https:\/\/stadtlaborgraz.at\/de\/wp-json\/wp\/v2\/tags?post=3922"}],"curies":[{"name":"wp","href":"https:\/\/api.w.org\/{rel}","templated":true}]}}