{"id":2523,"date":"2021-10-06T15:17:03","date_gmt":"2021-10-06T13:17:03","guid":{"rendered":"https:\/\/stadtlaborgraz.at\/?p=2523"},"modified":"2022-05-18T15:20:13","modified_gmt":"2022-05-18T13:20:13","slug":"herbstfestsaison","status":"publish","type":"post","link":"https:\/\/stadtlaborgraz.at\/de\/2021\/10\/herbstfestsaison\/","title":{"rendered":"Herbstfestsaison"},"content":{"rendered":"\n<div class=\"wp-block-cover alignfull is-light is-repeated\" style=\"background-image:url(https:\/\/stadtlaborgraz.at\/wp-content\/uploads\/2022\/02\/Header_Illustrationen800x300_hell.png);min-height:20em;aspect-ratio:unset;\" id=\"blog_cover\"><span aria-hidden=\"true\" class=\"has-background-dim-0 wp-block-cover__gradient-background has-background-dim\"><\/span><div class=\"wp-block-cover__inner-container is-layout-flow wp-block-cover-is-layout-flow\">\n<div id=\"blog_headerbox\" class=\"wp-block-group\"><div class=\"wp-block-group__inner-container is-layout-flow wp-block-group-is-layout-flow\">\n<h1 class=\"has-text-align-center has-nv-text-dark-bg-color has-text-color wp-block-heading\" id=\"planungsworkshop-radkorridor\">Herbstfestsaison<\/h1>\n\n\n\n<div class=\"wp-block-columns is-not-stacked-on-mobile animated fadeIn ticss-3f8f1ed4 is-layout-flex wp-container-core-columns-is-layout-9d6595d7 wp-block-columns-is-layout-flex\">\n<div class=\"wp-block-column has-small-font-size has-text-align-right is-layout-flow wp-block-column-is-layout-flow\"><\/div>\n\n\n\n<div class=\"wp-block-column is-layout-flow wp-block-column-is-layout-flow\"><div class=\"has-text-align-left wp-block-post-date has-text-color has-nv-text-dark-bg-color has-small-font-size\"><time datetime=\"2021-10-06T15:17:03+02:00\">6. Oktober 2021<\/time><\/div><\/div>\n<\/div>\n<\/div><\/div>\n<\/div><\/div>\n\n\n\n<div style=\"height:100px\" aria-hidden=\"true\" class=\"wp-block-spacer\"><\/div>\n\n\n\n<div class=\"wp-block-columns is-layout-flex wp-container-core-columns-is-layout-9d6595d7 wp-block-columns-is-layout-flex\">\n<div class=\"wp-block-column has-nv-light-bg-background-color has-background is-layout-flow wp-block-column-is-layout-flow\" style=\"flex-basis:35%\" id=\"blog_entrytextbox\">\n<p class=\"ticss-d683b2ee has-neve-link-color-color has-text-color has-medium-font-size\">Bei unseren Au\u00dfenstellen\u00a0vor.ort<em>\u00a0<\/em>Stadtteilmanagement, Quartiersb\u00fcro\u00a0<em>mittendrin<\/em>\u00a0und WohnquartierQ4 wird der Herbst gefeiert!<\/p>\n<\/div>\n\n\n\n<div class=\"wp-block-column is-layout-flow wp-block-column-is-layout-flow\">\n<div id=\"wp-block-themeisle-blocks-slider-ab54fe37\" class=\"wp-block-themeisle-blocks-slider glide\" data-per-view=\"1\" data-gap=\"0\" data-peek=\"0\" data-autoplay=\"5000\" data-height=\"400px\" data-hide-arrows=\"true\"><div class=\"glide__track\" data-glide-el=\"track\"><div class=\"glide__slides\"><div class=\"wp-block-themeisle-blocks-slider-item-wrapper glide__slide\" tabindex=\"0\"><figure><img decoding=\"async\" class=\"wp-block-themeisle-blocks-slider-item\" src=\"https:\/\/stadtlaborgraz.at\/wp-content\/uploads\/2021\/10\/Herbstfestsaison_FotocreditsStadlabor.jpg\" alt=\"\" title=\"\" data-id=\"2525\"\/><\/figure><\/div><\/div><div class=\"glide__bullets\" data-glide-el=\"controls[nav]\"><button class=\"glide__bullet\" data-glide-dir=\"=0\"><\/button><\/div><\/div><\/div>\n<\/div>\n<\/div>\n\n\n\n<p><strong>Den Beginn macht das\u00a0vor.ort\u00a0Stadtteilmanagement<\/strong><br>WANN: Donnerstag,\u00a021. Oktober von 14-19 Uhr<br>WO: Stadtteilmanagement vor.ort, Waagner-Biro-Stra\u00dfe 105<\/p>\n\n\n\n<p>Das Stadtteilmanagement\u00a0vor.ort\u00a0und die Natur.Werk.Stadt freuen sich auf einen bunten und geselligen Nachmittag mit Ihnen und Ihren NachbarInnen! Bei Br\u00f6tchen und Maroni wird zusammen der Herbst gefeiert. Sie erfahren Wissenswertes von der mySmartCity Graz, es werden Besichtigungen\u00a0(Science Tower) und Rundg\u00e4ngeangeboten und es wird DIY-Stationen f\u00fcr Gro\u00df und Klein geben!<br>Bitte bringen Sie Ihren 3G-Nachweis mit!<br><br>Unsere KollegInnen Florian Turek und Franziska Schruth erwarten Sie!<\/p>\n\n\n\n<p><strong>Herbstfest21 veranstaltet vom&nbsp;WohnquartierQ4 am Grillweg<\/strong><br>WANN: Freitag, 22. Oktober 2021, 15-18 Uhr<br>WO: WohnquartierQ4 am Grillweg, Erna-Diez Stra\u00dfe 1-3<\/p>\n\n\n\n<p>Unsere Kollegin Zeynep Aygan-Romaner, die das WohnquartierQ4 betreut, l\u00e4dt zu einem gem\u00fctlichen Come-Together mit Maroni und Sturm. Au\u00dferdem besteht&nbsp;die M\u00f6glichkeit sich \u00fcber das Quartier zu informieren.<br><strong>WICHTIG:&nbsp;<\/strong>Es wird um Anmeldung gebeten!<br>Anmeldungen unter: zeynep.aygan-romaner@stadtlaborgraz.at<br>Teilnahme nur mit 3G-Nachweis m\u00f6glich!<\/p>\n\n\n\n<p><strong>Herbstfest im Brauquartier Puntigam<\/strong><br>WANN: Freitag, 22. Oktober 2021, 14:00-17:00 Uhr<br>WO: Am Quartiersplatz im Brauquartier Puntigam<br><br>Das Quartiersb\u00fcro&nbsp;<em>mittendrin<\/em>&nbsp;l\u00e4dt herzlich zum 2. Herbstfest im Brauquartier ein.<br>Kommen Sie zum Nachbarschaftlichen-Come-Together!<br>F\u00fcr Speis und Trank sorgen PiPaPo und Freigeist. Au\u00dferdem gibt es gratis Kastanien.<br>Unser Kollege Karlheinz G\u00fcrtl freut sich auf Sie!<\/p>\n","protected":false},"excerpt":{"rendered":"<p>Bei unseren Au\u00dfenstellen\u00a0vor.ort\u00a0Stadtteilmanagement, Quartiersb\u00fcro\u00a0mittendrin\u00a0und WohnquartierQ4 wird der Herbst gefeiert!<\/p>\n","protected":false},"author":2,"featured_media":2525,"comment_status":"closed","ping_status":"closed","sticky":false,"template":"","format":"standard","meta":{"neve_meta_sidebar":"","neve_meta_container":"","neve_meta_enable_content_width":"","neve_meta_content_width":0,"neve_meta_title_alignment":"","neve_meta_author_avatar":"","neve_post_elements_order":"[\"content\",\"tags\",\"post-navigation\"]","neve_meta_disable_header":"","neve_meta_disable_footer":"","neve_meta_disable_title":"","_themeisle_gutenberg_block_has_review":false,"footnotes":""},"categories":[1],"tags":[29,27],"class_list":["post-2523","post","type-post","status-publish","format-standard","has-post-thumbnail","hentry","category-news","tag-stadtteile","tag-quartiere"],"_links":{"self":[{"href":"https:\/\/stadtlaborgraz.at\/de\/wp-json\/wp\/v2\/posts\/2523","targetHints":{"allow":["GET"]}}],"collection":[{"href":"https:\/\/stadtlaborgraz.at\/de\/wp-json\/wp\/v2\/posts"}],"about":[{"href":"https:\/\/stadtlaborgraz.at\/de\/wp-json\/wp\/v2\/types\/post"}],"author":[{"embeddable":true,"href":"https:\/\/stadtlaborgraz.at\/de\/wp-json\/wp\/v2\/users\/2"}],"replies":[{"embeddable":true,"href":"https:\/\/stadtlaborgraz.at\/de\/wp-json\/wp\/v2\/comments?post=2523"}],"version-history":[{"count":2,"href":"https:\/\/stadtlaborgraz.at\/de\/wp-json\/wp\/v2\/posts\/2523\/revisions"}],"predecessor-version":[{"id":2526,"href":"https:\/\/stadtlaborgraz.at\/de\/wp-json\/wp\/v2\/posts\/2523\/revisions\/2526"}],"wp:featuredmedia":[{"embeddable":true,"href":"https:\/\/stadtlaborgraz.at\/de\/wp-json\/wp\/v2\/media\/2525"}],"wp:attachment":[{"href":"https:\/\/stadtlaborgraz.at\/de\/wp-json\/wp\/v2\/media?parent=2523"}],"wp:term":[{"taxonomy":"category","embeddable":true,"href":"https:\/\/stadtlaborgraz.at\/de\/wp-json\/wp\/v2\/categories?post=2523"},{"taxonomy":"post_tag","embeddable":true,"href":"https:\/\/stadtlaborgraz.at\/de\/wp-json\/wp\/v2\/tags?post=2523"}],"curies":[{"name":"wp","href":"https:\/\/api.w.org\/{rel}","templated":true}]}}