{"id":2425,"date":"2017-03-12T11:40:24","date_gmt":"2017-03-12T10:40:24","guid":{"rendered":"https:\/\/stadtlaborgraz.at\/?p=2425"},"modified":"2022-05-12T15:37:19","modified_gmt":"2022-05-12T13:37:19","slug":"living-green-city","status":"publish","type":"post","link":"https:\/\/stadtlaborgraz.at\/de\/2017\/03\/living-green-city\/","title":{"rendered":"Living Green City"},"content":{"rendered":"\n<div class=\"wp-block-cover alignfull is-light is-repeated\" style=\"background-image:url(https:\/\/stadtlaborgraz.at\/wp-content\/uploads\/2022\/02\/Header_Illustrationen800x300_hell.png);min-height:20em;aspect-ratio:unset;\" id=\"projekt_cover\"><span aria-hidden=\"true\" class=\"has-background-dim-0 wp-block-cover__gradient-background has-background-dim\"><\/span><div class=\"wp-block-cover__inner-container is-layout-flow wp-block-cover-is-layout-flow\">\n<div id=\"projekt_headerbox\" class=\"wp-block-group\"><div class=\"wp-block-group__inner-container is-layout-flow wp-block-group-is-layout-flow\">\n<h1 class=\"has-text-align-center has-nv-text-dark-bg-color has-text-color wp-block-heading\" id=\"reallabor-weiz-plus\">Living Green City &#8211; 3D Gr\u00fcn &amp; 3D Beteiligung<\/h1>\n\n\n\n<div class=\"wp-block-columns is-not-stacked-on-mobile animated fadeIn ticss-3f8f1ed4 is-layout-flex wp-container-core-columns-is-layout-9d6595d7 wp-block-columns-is-layout-flex\">\n<div class=\"wp-block-column has-small-font-size has-text-align-right is-layout-flow wp-block-column-is-layout-flow\"><\/div>\n\n\n\n<div class=\"wp-block-column is-layout-flow wp-block-column-is-layout-flow\"><div class=\"has-text-align-left wp-block-post-date has-text-color has-nv-text-dark-bg-color has-small-font-size\"><time datetime=\"2017-03-12T11:40:24+01:00\">12. M\u00e4rz 2017<\/time><\/div><\/div>\n<\/div>\n<\/div><\/div>\n<\/div><\/div>\n\n\n\n<div style=\"height:100px\" aria-hidden=\"true\" class=\"wp-block-spacer\"><\/div>\n\n\n\n<div class=\"wp-block-columns is-layout-flex wp-container-core-columns-is-layout-9d6595d7 wp-block-columns-is-layout-flex\">\n<div class=\"wp-block-column is-vertically-aligned-top is-layout-flow wp-block-column-is-layout-flow\" style=\"flex-basis:35%\" id=\"projekt_entrytextbox\">\n<p>Projektstart: M\u00e4rz 2016<br>Projektende: Februar 2017<\/p>\n\n\n\n<p><strong>Projektort<\/strong><br>mySmartCity Graz, Waagner-Biro-Stra\u00dfe, 8020 Graz<\/p>\n\n\n\n<p><strong>Downloads<\/strong><br><a href=\"https:\/\/stadtlaborgraz.at\/wp-content\/uploads\/2022\/05\/Living-Green-City_6.ass-scd-lgc-publiziebarer-endbericht-final-kompr.pdf\" data-type=\"URL\" data-id=\"https:\/\/stadtlaborgraz.at\/wp-content\/uploads\/2022\/05\/Living-Green-City_6.ass-scd-lgc-publiziebarer-endbericht-final-kompr.pdf\">Living Green City Endbericht<\/a><\/p>\n<\/div>\n\n\n\n<div class=\"wp-block-column is-vertically-aligned-top is-layout-flow wp-block-column-is-layout-flow\">\n<div id=\"wp-block-themeisle-blocks-slider-ab54fe37\" class=\"wp-block-themeisle-blocks-slider glide\" data-per-view=\"1\" data-gap=\"0\" data-peek=\"0\" data-autoplay=\"5000\" data-height=\"400px\" data-hide-arrows=\"true\"><div class=\"glide__track\" data-glide-el=\"track\"><div class=\"glide__slides\"><div class=\"wp-block-themeisle-blocks-slider-item-wrapper glide__slide\" tabindex=\"0\"><figure><img decoding=\"async\" class=\"wp-block-themeisle-blocks-slider-item\" src=\"https:\/\/stadtlaborgraz.at\/wp-content\/uploads\/2017\/03\/lgc_Fotocedit-Daniel-Derndorfer.png\" alt=\"\" title=\"\" data-id=\"2428\"\/><figcaption>\u00a9 Daniel Derndorfer<\/figcaption><\/figure><\/div><div class=\"wp-block-themeisle-blocks-slider-item-wrapper glide__slide\" tabindex=\"0\"><figure><img decoding=\"async\" class=\"wp-block-themeisle-blocks-slider-item\" src=\"https:\/\/stadtlaborgraz.at\/wp-content\/uploads\/2017\/03\/lgc_Fotocredit-Andreas-Goritschnig2.jpg\" alt=\"\" title=\"\" data-id=\"2429\"\/><figcaption>\u00a9 Andreas Goritschnig<\/figcaption><\/figure><\/div><div class=\"wp-block-themeisle-blocks-slider-item-wrapper glide__slide\" tabindex=\"0\"><figure><img decoding=\"async\" class=\"wp-block-themeisle-blocks-slider-item\" src=\"https:\/\/stadtlaborgraz.at\/wp-content\/uploads\/2017\/03\/lgc_Fotocredit-Mario-Stefan.jpg\" alt=\"\" title=\"\" data-id=\"2430\"\/><figcaption>\u00a9 Mario Stefan<\/figcaption><\/figure><\/div><div class=\"wp-block-themeisle-blocks-slider-item-wrapper glide__slide\" tabindex=\"0\"><figure><img decoding=\"async\" class=\"wp-block-themeisle-blocks-slider-item\" src=\"https:\/\/stadtlaborgraz.at\/wp-content\/uploads\/2017\/03\/lgc_Fotocredits-Daniel-Derndorfer2.jpg\" alt=\"\" title=\"\" data-id=\"2431\"\/><figcaption>\u00a9 Daniel Derndorfer<\/figcaption><\/figure><\/div><div class=\"wp-block-themeisle-blocks-slider-item-wrapper glide__slide\" tabindex=\"0\"><figure><img decoding=\"async\" class=\"wp-block-themeisle-blocks-slider-item\" src=\"https:\/\/stadtlaborgraz.at\/wp-content\/uploads\/2017\/03\/lgc_Living-Green-City_Fotocredits-Andreas-Goritschnig.png\" alt=\"\" title=\"\" data-id=\"2432\"\/><figcaption>\u00a9 Andreas Goritschnig<\/figcaption><\/figure><\/div><\/div><div class=\"glide__bullets\" data-glide-el=\"controls[nav]\"><button class=\"glide__bullet\" data-glide-dir=\"=0\"><\/button><button class=\"glide__bullet\" data-glide-dir=\"=1\"><\/button><button class=\"glide__bullet\" data-glide-dir=\"=2\"><\/button><button class=\"glide__bullet\" data-glide-dir=\"=3\"><\/button><button class=\"glide__bullet\" data-glide-dir=\"=4\"><\/button><\/div><\/div><\/div>\n<\/div>\n<\/div>\n\n\n\n<p>Graz, wie andere mitteleurop\u00e4ische St\u00e4dte erf\u00e4hrt gro\u00dfen Zuzug. Durch die zunehmende Versiegelung von Fl\u00e4chen steigt der Druck auf die \u00fcbrigen Gr\u00fcn- und Freifl\u00e4chen und \u00fcbersteigt h\u00e4ufig deren Nutzungsm\u00f6glichkeiten &#8211; diese werden zu Konfliktzonen &#8211; die Lebensqualit\u00e4t verringert sich. Hinzu kommt die Beckenlage der Stadt Graz, welche sich auf das Stadtklima negativ auswirkt (hohe Schadstoffbelastung, wenig Luftaustausch). Eine hohe Lebensqualit\u00e4t in der Stadt erfordert, dass \u201edas Gr\u00fcne\u201c mit seinen vielf\u00e4ltigen Funktionen (Erholungs- und Freiraum, sozialgesellschaftlicher Verhandlungsraum, Luftg\u00fcte- und Klimaregulativer Raum,\u2026) dreidimensional mit in die Stadt zieht. Die Einbindung von BewohnerInnen in Planungsprozesse ist dabei f\u00fcr die Qualit\u00e4t und Akzeptanz der Ergebnisse erforderlich, in der Planungspraxis bis dato aber von untergeordneter Bedeutung.<\/p>\n\n\n\n<p><strong>Ziele:<\/strong><\/p>\n\n\n\n<p>\u00dcbergeordnetes Ziel der Sondierung war es, die Machbarkeit einer integrierten mehrdimensionalen Entwicklung lebendiger Gr\u00fcner Infrastruktur im Stadtteil Graz Waagner-Biro zu untersuchen. Die Entwicklung eines lebendigen Gr\u00fcnen Stadtteils als interdisziplin\u00e4rer Prozess der Koproduktion unter Ber\u00fccksichtigung (jahres)zeitlicher, r\u00e4umlicher, technischer, wirtschaftlicher, prozessualer, sozial-gesellschaftlicher und philosophischer Gesichtspunkte. Es wurden sowohl Bestandsfl\u00e4chen und \u2013geb\u00e4ude als auch zuk\u00fcnftig geplanten Bauvorhaben\/-fl\u00e4chen im Stadtteil untersucht.<\/p>\n\n\n\n<p>Ziel 3D Green unter 3D Beteiligung: Mensch und Pflanze sollen in ein positives soziales, gestalterisches und technisches Wirkungsgef\u00fcge gesetzt werden; ein funktionales System Mensch, Raum, Technik und Pflanze entstehen.<\/p>\n\n\n\n<p>Ziel 3D Beteiligung \u2013 mit 3D Kommunikation: Stadtteilentwicklung als mehrdimensionaler Beteiligungsprozess &#8211; was passiert wenn Menschen, Institutionen und Biosysteme die Stadt wirklich koproduzieren? Ein von Beginn an konsequent interdisziplin\u00e4res Design eines gemeinsamen Lern- und Entwicklungsprozess hin zu einer \u201eLiving Green City\u201c geht weit \u00fcber bisher \u00fcbliche Planungspraxis und Beteiligungssettings hinaus.<\/p>\n\n\n\n<p><strong>Ergebnisse:<\/strong><\/p>\n\n\n\n<p>Als Ergebnisse der Sondierung liegen eine zeitliche (mehrdimensionale Roadmap), und r\u00e4umliche (isometrische) Darstellung der n\u00e4chsten Schritte vor.\u00a0\u00a0Es konnten qualifizierte und wo m\u00f6glich quantifizierte Aussagen hinsichtlich der technischen, wirtschaftlichen und sozialen Machbarkeit der Ko-Produktion eines lebendigen gr\u00fcnen Stadtteils getroffen und konkrete Umsetzungsma\u00dfnahmen entwickelt werden. Das gemeinschaftlich errichtete und gewachsene \u201cgreen living lab\u201d konnte in Synergie mit dem vor.ort-Stadtteilmanagement weit \u00fcber die Projektlaufzeit hinaus als erster Vorbote des \u00f6ffentlichen (Gr\u00fcn-)Raums im Stadtteil wirken. Ein erstes sozial-stadt-\u00f6kologisches Pilotprojekt, die \u201cNatur.Werk.Stadt\u201d, welches in der Roadmap vorgeschlagen wurde, konnte im Anschluss an das Sondierungsprojekt bereits erfolgreich seine Pilotphase absolvieren.<\/p>\n\n\n\n<p><strong>Projektpartner:<\/strong><\/p>\n\n\n\n<ul class=\"wp-block-list\"><li>Green4Cities GmbH<\/li><li>TU Graz Institut Architektur und Landschaft i a&amp;l<\/li><li>KF Uni Graz, Institut Philosophie, Arbeitsbereich Praktische Philosophie<\/li><li>BAN\/\u00d6KOSERVICE sozial\u00f6konomische BetriebsGmbH (ausgeschieden)<\/li><\/ul>\n\n\n\n<p><strong>F\u00f6rdergeber:<\/strong><\/p>\n\n\n\n<p>Klima- und Enegiefonds im Rahmen des Programms Smart Cities Demo<\/p>\n","protected":false},"excerpt":{"rendered":"<p>\u00dcbergeordnetes Ziel der Sondierung war es, die Machbarkeit einer integrierten mehrdimensionalen Entwicklung lebendiger Gr\u00fcner Infrastruktur im Stadtteil Graz Waagner-Biro zu untersuchen.<\/p>\n","protected":false},"author":2,"featured_media":2428,"comment_status":"closed","ping_status":"closed","sticky":false,"template":"","format":"standard","meta":{"neve_meta_sidebar":"","neve_meta_container":"","neve_meta_enable_content_width":"","neve_meta_content_width":0,"neve_meta_title_alignment":"","neve_meta_author_avatar":"","neve_post_elements_order":"[\"content\",\"tags\",\"post-navigation\"]","neve_meta_disable_header":"","neve_meta_disable_footer":"","neve_meta_disable_title":"","_themeisle_gutenberg_block_has_review":false,"footnotes":""},"categories":[5],"tags":[32,23],"class_list":["post-2425","post","type-post","status-publish","format-standard","has-post-thumbnail","hentry","category-archive","tag-begrunung","tag-smartcity"],"_links":{"self":[{"href":"https:\/\/stadtlaborgraz.at\/de\/wp-json\/wp\/v2\/posts\/2425","targetHints":{"allow":["GET"]}}],"collection":[{"href":"https:\/\/stadtlaborgraz.at\/de\/wp-json\/wp\/v2\/posts"}],"about":[{"href":"https:\/\/stadtlaborgraz.at\/de\/wp-json\/wp\/v2\/types\/post"}],"author":[{"embeddable":true,"href":"https:\/\/stadtlaborgraz.at\/de\/wp-json\/wp\/v2\/users\/2"}],"replies":[{"embeddable":true,"href":"https:\/\/stadtlaborgraz.at\/de\/wp-json\/wp\/v2\/comments?post=2425"}],"version-history":[{"count":8,"href":"https:\/\/stadtlaborgraz.at\/de\/wp-json\/wp\/v2\/posts\/2425\/revisions"}],"predecessor-version":[{"id":2439,"href":"https:\/\/stadtlaborgraz.at\/de\/wp-json\/wp\/v2\/posts\/2425\/revisions\/2439"}],"wp:featuredmedia":[{"embeddable":true,"href":"https:\/\/stadtlaborgraz.at\/de\/wp-json\/wp\/v2\/media\/2428"}],"wp:attachment":[{"href":"https:\/\/stadtlaborgraz.at\/de\/wp-json\/wp\/v2\/media?parent=2425"}],"wp:term":[{"taxonomy":"category","embeddable":true,"href":"https:\/\/stadtlaborgraz.at\/de\/wp-json\/wp\/v2\/categories?post=2425"},{"taxonomy":"post_tag","embeddable":true,"href":"https:\/\/stadtlaborgraz.at\/de\/wp-json\/wp\/v2\/tags?post=2425"}],"curies":[{"name":"wp","href":"https:\/\/api.w.org\/{rel}","templated":true}]}}