{"id":2269,"date":"2023-06-30T17:13:40","date_gmt":"2023-06-30T15:13:40","guid":{"rendered":"https:\/\/stadtlaborgraz.at\/?p=2269"},"modified":"2023-09-11T14:44:52","modified_gmt":"2023-09-11T12:44:52","slug":"trans-ped","status":"publish","type":"post","link":"https:\/\/stadtlaborgraz.at\/de\/2023\/06\/trans-ped\/","title":{"rendered":"Trans-Ped &#8211; Transforming cities through positive energy districts"},"content":{"rendered":"\n<div class=\"wp-block-cover alignfull is-light is-repeated\" style=\"background-image:url(https:\/\/stadtlaborgraz.at\/wp-content\/uploads\/2022\/02\/Header_Illustrationen800x300_hell.png);min-height:20em;aspect-ratio:unset;\" id=\"projekt_cover\"><span aria-hidden=\"true\" class=\"wp-block-cover__background has-background-dim-0 has-background-dim\"><\/span><div class=\"wp-block-cover__inner-container is-layout-flow wp-block-cover-is-layout-flow\">\n<div id=\"projekt_headerbox\" class=\"wp-block-group\"><div class=\"wp-block-group__inner-container is-layout-flow wp-block-group-is-layout-flow\">\n<h1 class=\"has-text-align-center has-nv-text-dark-bg-color has-text-color wp-block-heading\" id=\"wohnquartier-q4-am-grillweg\">Trans-Ped &#8211; Transforming cities through positive energy districts<\/h1>\n\n\n\n<div class=\"wp-block-columns is-not-stacked-on-mobile animated fadeIn ticss-3f8f1ed4 is-layout-flex wp-container-core-columns-is-layout-9d6595d7 wp-block-columns-is-layout-flex\">\n<div class=\"wp-block-column has-small-font-size has-text-align-right is-layout-flow wp-block-column-is-layout-flow\"><\/div>\n\n\n\n<div class=\"wp-block-column is-layout-flow wp-block-column-is-layout-flow\"><div class=\"has-text-align-left wp-block-post-date has-text-color has-nv-text-dark-bg-color has-small-font-size\"><time datetime=\"2023-06-30T17:13:40+02:00\">30. Juni 2023<\/time><\/div><\/div>\n<\/div>\n<\/div><\/div>\n<\/div><\/div>\n\n\n\n<div style=\"height:100px\" aria-hidden=\"true\" class=\"wp-block-spacer\"><\/div>\n\n\n\n<div class=\"wp-block-columns is-layout-flex wp-container-core-columns-is-layout-9d6595d7 wp-block-columns-is-layout-flex\">\n<div class=\"wp-block-column is-vertically-aligned-top is-layout-flow wp-block-column-is-layout-flow\" style=\"flex-basis:35%\" id=\"projekt_entrytextbox\">\n<p>Projektstart: April 2021<br>Projektende: M\u00e4rz 2023<\/p>\n\n\n\n<p><strong>Projektort<\/strong><br>Reininghausgr\u00fcnde Graz, <\/p>\n\n\n\n<p><strong>Ansprechperson<\/strong><br><a href=\"https:\/\/stadtlaborgraz.at\/katharina-schwarz\" data-type=\"URL\" data-id=\"https:\/\/stadtlaborgraz.at\/katharina-schwarz\">Katharina Schwarz<\/a><\/p>\n\n\n\n<p><strong>Link zur Projektseite<\/strong><br><a href=\"https:\/\/trans-ped.eu\/\" data-type=\"URL\" data-id=\"https:\/\/trans-ped.eu\/\">trans-ped.eu<\/a><\/p>\n\n\n\n<p><br><\/p>\n<\/div>\n\n\n\n<div class=\"wp-block-column is-vertically-aligned-top is-layout-flow wp-block-column-is-layout-flow\">\n<div id=\"wp-block-themeisle-blocks-slider-ab54fe37\" class=\"wp-block-themeisle-blocks-slider glide\" data-per-view=\"1\" data-gap=\"0\" data-peek=\"0\" data-autoplay=\"5000\" data-height=\"400px\" data-hide-arrows=\"true\"><div class=\"glide__track\" data-glide-el=\"track\"><div class=\"glide__slides\"><div class=\"wp-block-themeisle-blocks-slider-item-wrapper glide__slide\" tabindex=\"0\"><figure><img decoding=\"async\" class=\"wp-block-themeisle-blocks-slider-item\" src=\"https:\/\/stadtlaborgraz.at\/wp-content\/uploads\/2022\/04\/TransPED.jpg\" alt=\"\" title=\"\" data-id=\"2271\"\/><figcaption>\u00a9 JPI Urban Europe Projekt TRANS-PED<\/figcaption><\/figure><\/div><div class=\"wp-block-themeisle-blocks-slider-item-wrapper glide__slide\" tabindex=\"0\"><figure><img decoding=\"async\" class=\"wp-block-themeisle-blocks-slider-item\" src=\"https:\/\/stadtlaborgraz.at\/wp-content\/uploads\/2021\/04\/TransPED1.jpg\" alt=\"\" title=\"\" data-id=\"2282\"\/><\/figure><\/div><\/div><div class=\"glide__bullets\" data-glide-el=\"controls[nav]\"><button class=\"glide__bullet\" data-glide-dir=\"=0\"><\/button><button class=\"glide__bullet\" data-glide-dir=\"=1\"><\/button><\/div><\/div><\/div>\n<\/div>\n<\/div>\n\n\n\n<p class=\"has-text-align-left\">Die Umsetzung von PEDs stellt eine besondere Herausforderung dar, da sie grundlegende Ver\u00e4nderungen in der Art und Weise erfordern, wie St\u00e4dte langfristig geplant, gestaltet und erhalten werden.&nbsp;Im Rahmen des Projekts TRANS-PED werden f\u00fcnf europ\u00e4ische Beispiele untersucht und es werden Vorschl\u00e4ge f\u00fcr die weitere Entwicklung von Plusenergiequartieren erarbeitet. In \u00d6sterreich sind das die Reininghausgr\u00fcnde in Graz und das Siedlungsprojekt Sonnendorf in Schwoich.<br>Ziel des Projekts ist die Entwicklung eines neuen Governance-Ansatzes, der von zuk\u00fcnftigen PED-Akteuren \u00fcbernommen und weiterentwickelt werden kann. Es wird ein Lernnetzwerk von Akteuren in Schweden, Belgien und \u00d6sterreich aufgebaut, um gemeinsam verschiedene Methoden f\u00fcr die Einbettung, Bewertung und Skalierung von Energieinnovationen zu entwickeln (Quelle: \u00d6AW).&nbsp;Die Rolle des StadtLABORs liegt einerseits in der Analyse und Vorstellung des Test-PEDs Graz Reininghaus und andererseits in der Mitentwicklung von Governance- und Bewertungstools f\u00fcr PEDs. Weitere Partner in \u00d6sterreich sind das Institut f\u00fcr Technikfolgen-Absch\u00e4tzung (ITA) der \u00d6sterreichischen Akademie der Wissenschaften, die FH Technikum Wien, Kleboth und Dollnig ZT GmbH und Urban Future UFGC GmbH.&nbsp;<\/p>\n\n\n\n<p><strong>Ein Plus-Energie-Quartier:<\/strong><\/p>\n\n\n\n<ul class=\"wp-block-list\"><li>Zielt auf eine positive Jahres-Energiebilanz ab<\/li><li>Nutzt erneuerbare Energie, Sektorkopplung und ist energieflexibel<\/li><li>Ist netzvertr\u00e4glich, netzdienlich und leistet einen essenziellen Beitrag f\u00fcr das erneuerbare Energiesystem<\/li><li>Erzielt einen hohen Eigennutzungsgrad der vor Ort oder regional bereitgestellten Energie (Quelle: BMK &#8211; Plus Energie Quartiere, Stadt der Zukunft)<\/li><\/ul>\n\n\n\n<p><strong>Projektpartner:<\/strong><\/p>\n\n\n\n<ul class=\"wp-block-list\"><li>KTH Royal Institute of technolgie<\/li><li>Link\u00f6ping University<\/li><li>ElectriCITY Innovation<\/li><li>City of Lund<\/li><li>Vrije Universiteit Brussel<\/li><li>DUSS-explorers<\/li><li>Austrian Academic of Sciences, Institute of Technology Assessment<\/li><li>FH Technikum Wien<\/li><li>Urban Future Global Conference<\/li><li>Kleboth und Dollnig ZT GmbH<\/li><\/ul>\n\n\n\n<figure class=\"wp-block-image size-large is-resized\"><img loading=\"lazy\" decoding=\"async\" src=\"https:\/\/stadtlaborgraz.at\/wp-content\/uploads\/2022\/06\/Transped-Logoleiste-1200x89.png\" alt=\"\" class=\"wp-image-2685\" width=\"600\" height=\"45\" srcset=\"https:\/\/stadtlaborgraz.at\/wp-content\/uploads\/2022\/06\/Transped-Logoleiste-1200x89.png 1200w, https:\/\/stadtlaborgraz.at\/wp-content\/uploads\/2022\/06\/Transped-Logoleiste-400x30.png 400w, https:\/\/stadtlaborgraz.at\/wp-content\/uploads\/2022\/06\/Transped-Logoleiste-768x57.png 768w, https:\/\/stadtlaborgraz.at\/wp-content\/uploads\/2022\/06\/Transped-Logoleiste-1536x114.png 1536w, https:\/\/stadtlaborgraz.at\/wp-content\/uploads\/2022\/06\/Transped-Logoleiste-2048x152.png 2048w, https:\/\/stadtlaborgraz.at\/wp-content\/uploads\/2022\/06\/Transped-Logoleiste-18x1.png 18w\" sizes=\"auto, (max-width: 600px) 100vw, 600px\" \/><\/figure>\n","protected":false},"excerpt":{"rendered":"<p>Es wird ein Lernnetzwerk von Akteuren in Schweden, Belgien und \u00d6sterreich aufgebaut, um gemeinsam verschiedene Methoden f\u00fcr die Einbettung, Bewertung und Skalierung von Energieinnovationen zu entwickeln (Quelle: \u00d6AW)<\/p>\n","protected":false},"author":2,"featured_media":2271,"comment_status":"closed","ping_status":"closed","sticky":false,"template":"","format":"standard","meta":{"neve_meta_sidebar":"","neve_meta_container":"","neve_meta_enable_content_width":"","neve_meta_content_width":0,"neve_meta_title_alignment":"","neve_meta_author_avatar":"","neve_post_elements_order":"[\"content\",\"tags\",\"post-navigation\"]","neve_meta_disable_header":"","neve_meta_disable_footer":"","neve_meta_disable_title":"","_themeisle_gutenberg_block_has_review":false,"footnotes":""},"categories":[5],"tags":[25,29],"class_list":["post-2269","post","type-post","status-publish","format-standard","has-post-thumbnail","hentry","category-archive","tag-energiewende","tag-stadtteile"],"_links":{"self":[{"href":"https:\/\/stadtlaborgraz.at\/de\/wp-json\/wp\/v2\/posts\/2269","targetHints":{"allow":["GET"]}}],"collection":[{"href":"https:\/\/stadtlaborgraz.at\/de\/wp-json\/wp\/v2\/posts"}],"about":[{"href":"https:\/\/stadtlaborgraz.at\/de\/wp-json\/wp\/v2\/types\/post"}],"author":[{"embeddable":true,"href":"https:\/\/stadtlaborgraz.at\/de\/wp-json\/wp\/v2\/users\/2"}],"replies":[{"embeddable":true,"href":"https:\/\/stadtlaborgraz.at\/de\/wp-json\/wp\/v2\/comments?post=2269"}],"version-history":[{"count":8,"href":"https:\/\/stadtlaborgraz.at\/de\/wp-json\/wp\/v2\/posts\/2269\/revisions"}],"predecessor-version":[{"id":2980,"href":"https:\/\/stadtlaborgraz.at\/de\/wp-json\/wp\/v2\/posts\/2269\/revisions\/2980"}],"wp:featuredmedia":[{"embeddable":true,"href":"https:\/\/stadtlaborgraz.at\/de\/wp-json\/wp\/v2\/media\/2271"}],"wp:attachment":[{"href":"https:\/\/stadtlaborgraz.at\/de\/wp-json\/wp\/v2\/media?parent=2269"}],"wp:term":[{"taxonomy":"category","embeddable":true,"href":"https:\/\/stadtlaborgraz.at\/de\/wp-json\/wp\/v2\/categories?post=2269"},{"taxonomy":"post_tag","embeddable":true,"href":"https:\/\/stadtlaborgraz.at\/de\/wp-json\/wp\/v2\/tags?post=2269"}],"curies":[{"name":"wp","href":"https:\/\/api.w.org\/{rel}","templated":true}]}}