{"id":2072,"date":"2012-06-01T15:36:48","date_gmt":"2012-06-01T13:36:48","guid":{"rendered":"https:\/\/stadtlaborgraz.at\/?p=2072"},"modified":"2026-04-21T18:37:36","modified_gmt":"2026-04-21T16:37:36","slug":"stadtteilmanagement-vor-ort","status":"publish","type":"post","link":"https:\/\/stadtlaborgraz.at\/de\/2012\/06\/stadtteilmanagement-vor-ort\/","title":{"rendered":"Stadtteilmanagement vor.ort"},"content":{"rendered":"\n<div class=\"wp-block-cover alignfull is-light is-repeated\" style=\"min-height:20em;aspect-ratio:unset;\"><div class=\"wp-block-cover__image-background wp-image-1356 is-repeated\" style=\"background-position:50% 50%;background-image:url(https:\/\/stadtlaborgraz.at\/wp-content\/uploads\/2022\/02\/Header_Illustrationen800x300_hell.png)\"><\/div><span aria-hidden=\"true\" class=\"wp-block-cover__background has-background-dim-0 has-background-dim\"><\/span><div class=\"wp-block-cover__inner-container is-layout-flow wp-block-cover-is-layout-flow\">\n<p class=\"has-text-align-center has-nv-site-bg-color has-text-color has-link-color has-large-font-size wp-elements-a2e04e99cd82bc82b46a206e06b194ce\"><strong>Stadtteilmanagement vor.ort<\/strong><\/p>\n\n\n\n<div class=\"wp-block-columns is-not-stacked-on-mobile animated fadeIn ticss-3f8f1ed4 is-layout-flex wp-container-core-columns-is-layout-9d6595d7 wp-block-columns-is-layout-flex\">\n<div class=\"wp-block-column has-small-font-size has-text-align-right is-layout-flow wp-block-column-is-layout-flow\"><\/div>\n\n\n\n<div class=\"wp-block-column is-layout-flow wp-block-column-is-layout-flow\"><div class=\"has-text-align-left wp-block-post-date has-text-color has-nv-text-dark-bg-color has-small-font-size\"><time datetime=\"2012-06-01T15:36:48+02:00\">1. Juni 2012<\/time><\/div><\/div>\n<\/div>\n<\/div><\/div>\n\n\n\n<div style=\"height:100px\" aria-hidden=\"true\" class=\"wp-block-spacer\"><\/div>\n\n\n\n<div class=\"wp-block-columns is-layout-flex wp-container-core-columns-is-layout-9d6595d7 wp-block-columns-is-layout-flex\">\n<div class=\"wp-block-column is-vertically-aligned-top is-layout-flow wp-block-column-is-layout-flow\" style=\"flex-basis:35%\" id=\"projekt_entrytextbox\">\n<p>Projektstart: Juni 2012<br><\/p>\n\n\n\n<p><strong>Projektort<\/strong><br>mySmartCity Graz <br>Waagner-Biro-Stra\u00dfe 120<\/p>\n\n\n\n<p><strong>Ansprechperson<\/strong><br><a href=\"https:\/\/stadtlaborgraz.at\/franziska-schruth\" data-type=\"URL\" data-id=\"https:\/\/stadtlaborgraz.at\/franziska-schruth\">Franziska Schruth<\/a><\/p>\n\n\n\n<p class=\"has-text-align-left\"><\/p>\n<\/div>\n\n\n\n<div class=\"wp-block-column is-vertically-aligned-top is-layout-flow wp-block-column-is-layout-flow\">\n<div id=\"wp-block-themeisle-blocks-slider-ab54fe37\" class=\"wp-block-themeisle-blocks-slider glide\" data-per-view=\"1\" data-gap=\"0\" data-peek=\"0\" data-autoplay=\"5000\" data-height=\"400px\" data-hide-arrows=\"true\"><div class=\"glide__track\" data-glide-el=\"track\"><div class=\"glide__slides\"><div class=\"wp-block-themeisle-blocks-slider-item-wrapper glide__slide\" tabindex=\"0\"><figure><img decoding=\"async\" class=\"wp-block-themeisle-blocks-slider-item\" src=\"https:\/\/stadtlaborgraz.at\/wp-content\/uploads\/2025\/06\/STM-vor-2.jpg\" alt=\"\" title=\"\" data-id=\"5576\"\/><\/figure><\/div><div class=\"wp-block-themeisle-blocks-slider-item-wrapper glide__slide\" tabindex=\"0\"><figure><img decoding=\"async\" class=\"wp-block-themeisle-blocks-slider-item\" src=\"https:\/\/stadtlaborgraz.at\/wp-content\/uploads\/2025\/06\/STM-vor-3.jpg\" alt=\"\" title=\"\" data-id=\"5577\"\/><\/figure><\/div><div class=\"wp-block-themeisle-blocks-slider-item-wrapper glide__slide\" tabindex=\"0\"><figure><img decoding=\"async\" class=\"wp-block-themeisle-blocks-slider-item\" src=\"https:\/\/stadtlaborgraz.at\/wp-content\/uploads\/2025\/06\/STM-vor-1.jpg\" alt=\"\" title=\"\" data-id=\"5575\"\/><\/figure><\/div><div class=\"wp-block-themeisle-blocks-slider-item-wrapper glide__slide\" tabindex=\"0\"><figure><img decoding=\"async\" class=\"wp-block-themeisle-blocks-slider-item\" src=\"https:\/\/stadtlaborgraz.at\/wp-content\/uploads\/2025\/06\/STM-vor-4.jpg\" alt=\"\" title=\"\" data-id=\"5578\"\/><\/figure><\/div><div class=\"wp-block-themeisle-blocks-slider-item-wrapper glide__slide\" tabindex=\"0\"><figure><img decoding=\"async\" class=\"wp-block-themeisle-blocks-slider-item\" src=\"https:\/\/stadtlaborgraz.at\/wp-content\/uploads\/2012\/06\/STM-vor-2.jpg\" alt=\"\" title=\"\" data-id=\"2077\"\/><figcaption>Standort 2018 &#8211; 2023<\/figcaption><\/figure><\/div><div class=\"wp-block-themeisle-blocks-slider-item-wrapper glide__slide\" tabindex=\"0\"><figure><img decoding=\"async\" class=\"wp-block-themeisle-blocks-slider-item\" src=\"https:\/\/stadtlaborgraz.at\/wp-content\/uploads\/2012\/06\/STM-vor-3.jpg\" alt=\"\" title=\"\" data-id=\"2074\"\/><figcaption>Standort 2018 &#8211; 2023<\/figcaption><\/figure><\/div><\/div><div class=\"glide__bullets\" data-glide-el=\"controls[nav]\"><button class=\"glide__bullet\" data-glide-dir=\"=0\"><\/button><button class=\"glide__bullet\" data-glide-dir=\"=1\"><\/button><button class=\"glide__bullet\" data-glide-dir=\"=2\"><\/button><button class=\"glide__bullet\" data-glide-dir=\"=3\"><\/button><button class=\"glide__bullet\" data-glide-dir=\"=4\"><\/button><button class=\"glide__bullet\" data-glide-dir=\"=5\"><\/button><\/div><\/div><\/div>\n<\/div>\n<\/div>\n\n\n\n<p class=\"has-nv-c-1-color has-text-color has-link-color has-large-font-size wp-elements-28d4407f0a7a2644a3a3e6b66164227b\"><strong><strong>\u00dcBER DAS STADTTEILMANAGEMENT VOR.ORT<\/strong><\/strong><\/p>\n\n\n\n<p><strong>So lange schon gibt es uns schon in der <em>SmartCity Graz<\/em><\/strong><\/p>\n\n\n\n<p>Das ehemalige Industrieareal im Umfeld der Helmut-List-Halle entwickelt sich zwischen 2012-2026 &#8211; angetrieben durch das erste \u00f6sterreichische Smart City Leitprojekt&nbsp;<em>Smart City Project Graz <\/em>undgetragen von der Stadt Grazsowie durch Investitionen privater Entwickler &#8211; zu einem \u201esmarten\u201c Stadtteil mit urbaner Mischnutzung, attraktiven \u00f6ffentlichen R\u00e4umen, einem neuen Schulcampus und leistungsf\u00e4higem \u00f6ffentlichen Verkehr.&nbsp;<\/p>\n\n\n\n<p>Erstmals in Graz wurde dieser Entwicklungsprozess fr\u00fchzeitig durch ein Stadtteilmanagement unterst\u00fctzt, das direkt im Entwicklungsgebiet angesiedelt war. Das Stadtteilmanagement&nbsp;<em>vor.ort<\/em> begleitet die Planungsprozesse, Bauvorhaben und Entwicklungen im Projektgebiet von Beginn an &#8211; bereits bevor konkrete Planungen vorlagen. Seit 2014 ist es die serviceorientierte Anlaufstelle f\u00fcr Nachbar:innen, (zuk\u00fcnftige) Bewohner:innen, lokale Unternehmen, Einrichtungen und Initiativen in der SmartCity Graz.<\/p>\n\n\n\n<p>Bevor das Stadtteilmanagement <em>vor.ort<\/em> seinen aktuellen Standort in der Waagner-Biro-Stra\u00dfe 120 im Jahr 2023 bezog, war es in einem Container auf einem Parkplatz gegen\u00fcber der Helmut List Halle bzw. in einem mobilen, begr\u00fcnten Holzgeb\u00e4ude (gleichzeitig Projektstandort des \u201egreen.LAB Graz\u201c) gegen\u00fcber des Science Tower &#8211; umgeben vom Stadtteilgarten <em>vor.ort<\/em> &#8211; angesiedelt.<\/p>\n\n\n\n<div class=\"wp-block-columns is-layout-flex wp-container-core-columns-is-layout-9d6595d7 wp-block-columns-is-layout-flex\">\n<div class=\"wp-block-column is-layout-flow wp-block-column-is-layout-flow\">\n<figure class=\"wp-block-image size-full\"><img loading=\"lazy\" decoding=\"async\" width=\"832\" height=\"624\" src=\"https:\/\/stadtlaborgraz.at\/wp-content\/uploads\/2026\/04\/IMG_20171024_125721.jpg\" alt=\"\" class=\"wp-image-6572\" srcset=\"https:\/\/stadtlaborgraz.at\/wp-content\/uploads\/2026\/04\/IMG_20171024_125721.jpg 832w, https:\/\/stadtlaborgraz.at\/wp-content\/uploads\/2026\/04\/IMG_20171024_125721-400x300.jpg 400w, https:\/\/stadtlaborgraz.at\/wp-content\/uploads\/2026\/04\/IMG_20171024_125721-768x576.jpg 768w, https:\/\/stadtlaborgraz.at\/wp-content\/uploads\/2026\/04\/IMG_20171024_125721-16x12.jpg 16w\" sizes=\"auto, (max-width: 832px) 100vw, 832px\" \/><\/figure>\n<\/div>\n\n\n\n<div class=\"wp-block-column is-layout-flow wp-block-column-is-layout-flow\">\n<figure class=\"wp-block-image size-large\"><img loading=\"lazy\" decoding=\"async\" width=\"1200\" height=\"900\" src=\"https:\/\/stadtlaborgraz.at\/wp-content\/uploads\/2026\/04\/20190910_STM-Herbst-1200x900.jpg\" alt=\"\" class=\"wp-image-6571\" srcset=\"https:\/\/stadtlaborgraz.at\/wp-content\/uploads\/2026\/04\/20190910_STM-Herbst-1200x900.jpg 1200w, https:\/\/stadtlaborgraz.at\/wp-content\/uploads\/2026\/04\/20190910_STM-Herbst-400x300.jpg 400w, https:\/\/stadtlaborgraz.at\/wp-content\/uploads\/2026\/04\/20190910_STM-Herbst-768x576.jpg 768w, https:\/\/stadtlaborgraz.at\/wp-content\/uploads\/2026\/04\/20190910_STM-Herbst-1536x1152.jpg 1536w, https:\/\/stadtlaborgraz.at\/wp-content\/uploads\/2026\/04\/20190910_STM-Herbst-16x12.jpg 16w, https:\/\/stadtlaborgraz.at\/wp-content\/uploads\/2026\/04\/20190910_STM-Herbst.jpg 1664w\" sizes=\"auto, (max-width: 1200px) 100vw, 1200px\" \/><\/figure>\n<\/div>\n\n\n\n<div class=\"wp-block-column is-layout-flow wp-block-column-is-layout-flow\">\n<figure class=\"wp-block-image size-large\"><img loading=\"lazy\" decoding=\"async\" width=\"1200\" height=\"900\" src=\"https:\/\/stadtlaborgraz.at\/wp-content\/uploads\/2026\/04\/1713731202601-edited-1200x900.jpg\" alt=\"\" class=\"wp-image-6578\" srcset=\"https:\/\/stadtlaborgraz.at\/wp-content\/uploads\/2026\/04\/1713731202601-edited-1200x900.jpg 1200w, https:\/\/stadtlaborgraz.at\/wp-content\/uploads\/2026\/04\/1713731202601-edited-400x300.jpg 400w, https:\/\/stadtlaborgraz.at\/wp-content\/uploads\/2026\/04\/1713731202601-edited-768x576.jpg 768w, https:\/\/stadtlaborgraz.at\/wp-content\/uploads\/2026\/04\/1713731202601-edited-16x12.jpg 16w, https:\/\/stadtlaborgraz.at\/wp-content\/uploads\/2026\/04\/1713731202601-edited.jpg 1224w\" sizes=\"auto, (max-width: 1200px) 100vw, 1200px\" \/><\/figure>\n<\/div>\n<\/div>\n\n\n\n<p><strong>Aktuelle Informationen zu laufenden Angeboten und Aktivit\u00e4ten finden Sie hier: Link zur \u201eNews-Seite\u201c<\/strong><\/p>\n\n\n\n<p><strong>Ziele:<\/strong><\/p>\n\n\n\n<p>Im Sinne einer sozial nachhaltigen Stadtteilentwicklung besteht das \u00fcbergeordnete Ziel des Stadtteilmanagements darin,&nbsp;<\/p>\n\n\n\n<ul class=\"wp-block-list\">\n<li>das Bestehende mit dem Neuen optimal zu verbinden, indem BewohnerInnen, Unternehmen und Organisationen auf vielf\u00e4ltige Weise in die Entwicklung des neuen Stadtteils eingebunden werden,&nbsp;<\/li>\n\n\n\n<li>die Identifikation mit dem sich transformierenden Ort zu st\u00e4rken und damit auch die Akzeptanz f\u00fcr die Bauvorhaben und Entwicklungen zu erh\u00f6hen sowie<\/li>\n\n\n\n<li>ein friedliches Miteinander durch ein aktives und engagiertes Nachbarschaftsnetzwerk zu erm\u00f6glichen (community building)<\/li>\n\n\n\n<li>und vielf\u00e4ltige Impulse f\u00fcr eine nachhaltige Quartiersentwicklung zu geben.<\/li>\n<\/ul>\n\n\n\n<p>Ausgehend von den Bed\u00fcrfnissen und Interessen der Bewohner:innen, Unternehmen und Einrichtungen \u00fcbernimmt das Stadtteilmanagement die Funktion einer Drehscheibe f\u00fcr laufende&nbsp;Informations-, Kommunikations-, Vernetzungs-, Kooperations- und Beteiligungsaktivit\u00e4ten&nbsp;im Stadtteil.<\/p>\n\n\n\n<p><strong>Auftraggeber:<\/strong><br>Juli 2012 bis Juni 2017: Klima- und Enegiefonds im Rahmen des Programms Smart Cities, Smart City Project Graz.&nbsp;<br>Ab Juni 2017: Stadtbaudirektion Stadt Graz und Entwickler der Smart City Graz.&nbsp;<\/p>\n\n\n\n<p><strong>Videobeitrag:<\/strong><\/p>\n\n\n\n<p><a href=\"https:\/\/www.youtube.com\/watch?v=ja5clAu5XSY&amp;t=2s\">mySmartCity Graz Energiewoche mit dem Stadtteilmanagement vor.ort<\/a><\/p>\n\n\n\n<p><strong>Downloads:<\/strong><\/p>\n\n\n\n<ul class=\"wp-block-list\">\n<li><a href=\"https:\/\/stadtlaborgraz.at\/wp-content\/uploads\/2022\/04\/Dokumentation_STM_vor.ort_2018.pdf\" data-type=\"URL\" data-id=\"https:\/\/stadtlaborgraz.at\/wp-content\/uploads\/2022\/04\/Dokumentation_STM_vor.ort_2018.pdf\">Dokumentation_vor.ort_2018<\/a><\/li>\n\n\n\n<li><a href=\"https:\/\/stadtlaborgraz.at\/wp-content\/uploads\/2022\/04\/Dokumentation_STM_vor.ort_2019.pdf\" data-type=\"URL\" data-id=\"https:\/\/stadtlaborgraz.at\/wp-content\/uploads\/2022\/04\/Dokumentation_STM_vor.ort_2019.pdf\">Dokumentation_vor.ort_2019<\/a><\/li>\n\n\n\n<li><a href=\"https:\/\/stadtlaborgraz.at\/wp-content\/uploads\/2022\/04\/Dokumentation_STM_vor.ort_2020.pdf\" data-type=\"URL\" data-id=\"https:\/\/stadtlaborgraz.at\/wp-content\/uploads\/2022\/04\/Dokumentation_STM_vor.ort_2020.pdf\">Dokumentation_vor.ort_2020<\/a><\/li>\n\n\n\n<li><a href=\"https:\/\/stadtlaborgraz.at\/wp-content\/uploads\/2022\/04\/Dokumentation_STM_vor.ort_2021.pdf\" data-type=\"URL\" data-id=\"https:\/\/stadtlaborgraz.at\/wp-content\/uploads\/2022\/04\/Dokumentation_STM_vor.ort_2021.pdf\">Dokumentation_vor.ort_2021<\/a><\/li>\n\n\n\n<li><a href=\"https:\/\/stadtlaborgraz.at\/wp-content\/uploads\/2023\/04\/Jahresbericht_Stadtteilmanagement-vor.ort_2022.pdf\" data-type=\"URL\" data-id=\"https:\/\/stadtlaborgraz.at\/wp-content\/uploads\/2023\/04\/Jahresbericht_Stadtteilmanagement-vor.ort_2022.pdf\">Dokumentation vor.ort_2022<\/a><\/li>\n\n\n\n<li><a href=\"https:\/\/stadtlaborgraz.at\/wp-content\/uploads\/2025\/04\/Jahresbericht_STM_vor.ort_2023.pdf\" data-type=\"link\" data-id=\"https:\/\/stadtlaborgraz.at\/wp-content\/uploads\/2025\/04\/Jahresbericht_STM_vor.ort_2023.pdf\">Dokumentation vor.ort 2023<\/a><\/li>\n\n\n\n<li><a href=\"https:\/\/stadtlaborgraz.at\/wp-content\/uploads\/2025\/04\/Jahresbericht_STM_vor.ort_2024.pdf\" data-type=\"link\" data-id=\"https:\/\/stadtlaborgraz.at\/wp-content\/uploads\/2025\/04\/Jahresbericht_STM_vor.ort_2024.pdf\">Dokumentation vor.ort 2024<\/a><\/li>\n<\/ul>\n\n\n\n<h2 class=\"wp-block-heading\">Das Stadtteilmanagement <em>vor.ort<\/em> wird betrieben von der StadtLABOR GmbH<\/h2>\n\n\n\n<p>Die StadtLABOR GmbH versteht sich als Innovationslabor f\u00fcr nachhaltige und lebenswerte St\u00e4dte und Gemeinden. Es steht f\u00fcr mehr Kooperation in der Entwicklung und Transformation von St\u00e4dten zu lebenswerten Orten f\u00fcr Menschen. In diesem Sinn arbeitet das StadtLABOR in den unterschiedlichsten Projekten an der Schnittstelle zwischen Stadtverwaltung, Bautr\u00e4gern und Entwicklern, Energieversorgern, lokalen Unternehmen und Einrichtungen sowie B\u00fcrger:innen und f\u00f6rdert eine neue Kultur der Kooperation und der Ko-Kreation von Ideen und L\u00f6sungen.<\/p>\n\n\n\n<p><\/p>\n","protected":false},"excerpt":{"rendered":"<p>Das Stadtteilmanagement vor.ort ist Informationsdrehscheibe, Anlaufstelle sowie Vernetzungsplattform f\u00fcr BewohnerInnen und Interessierte der mySmartCity Graz<\/p>\n","protected":false},"author":2,"featured_media":2077,"comment_status":"closed","ping_status":"closed","sticky":false,"template":"","format":"standard","meta":{"neve_meta_sidebar":"","neve_meta_container":"","neve_meta_enable_content_width":"","neve_meta_content_width":0,"neve_meta_title_alignment":"","neve_meta_author_avatar":"","neve_post_elements_order":"[\"content\",\"tags\",\"post-navigation\"]","neve_meta_disable_header":"","neve_meta_disable_footer":"","neve_meta_disable_title":"","_themeisle_gutenberg_block_has_review":false,"footnotes":""},"categories":[3],"tags":[23,29,27],"class_list":["post-2072","post","type-post","status-publish","format-standard","has-post-thumbnail","hentry","category-projekte","tag-smartcity","tag-stadtteile","tag-quartiere"],"_links":{"self":[{"href":"https:\/\/stadtlaborgraz.at\/de\/wp-json\/wp\/v2\/posts\/2072","targetHints":{"allow":["GET"]}}],"collection":[{"href":"https:\/\/stadtlaborgraz.at\/de\/wp-json\/wp\/v2\/posts"}],"about":[{"href":"https:\/\/stadtlaborgraz.at\/de\/wp-json\/wp\/v2\/types\/post"}],"author":[{"embeddable":true,"href":"https:\/\/stadtlaborgraz.at\/de\/wp-json\/wp\/v2\/users\/2"}],"replies":[{"embeddable":true,"href":"https:\/\/stadtlaborgraz.at\/de\/wp-json\/wp\/v2\/comments?post=2072"}],"version-history":[{"count":35,"href":"https:\/\/stadtlaborgraz.at\/de\/wp-json\/wp\/v2\/posts\/2072\/revisions"}],"predecessor-version":[{"id":6645,"href":"https:\/\/stadtlaborgraz.at\/de\/wp-json\/wp\/v2\/posts\/2072\/revisions\/6645"}],"wp:featuredmedia":[{"embeddable":true,"href":"https:\/\/stadtlaborgraz.at\/de\/wp-json\/wp\/v2\/media\/2077"}],"wp:attachment":[{"href":"https:\/\/stadtlaborgraz.at\/de\/wp-json\/wp\/v2\/media?parent=2072"}],"wp:term":[{"taxonomy":"category","embeddable":true,"href":"https:\/\/stadtlaborgraz.at\/de\/wp-json\/wp\/v2\/categories?post=2072"},{"taxonomy":"post_tag","embeddable":true,"href":"https:\/\/stadtlaborgraz.at\/de\/wp-json\/wp\/v2\/tags?post=2072"}],"curies":[{"name":"wp","href":"https:\/\/api.w.org\/{rel}","templated":true}]}}