{"id":1830,"date":"2022-02-20T13:54:23","date_gmt":"2022-02-20T12:54:23","guid":{"rendered":"https:\/\/stadtlaborgraz.at\/?p=1830"},"modified":"2023-02-13T14:34:42","modified_gmt":"2023-02-13T13:34:42","slug":"frauenbankerl-im-frauenmonat-marz","status":"publish","type":"post","link":"https:\/\/stadtlaborgraz.at\/de\/2022\/02\/frauenbankerl-im-frauenmonat-marz\/","title":{"rendered":"Frauenbankerl im Frauenmonat M\u00e4rz"},"content":{"rendered":"\n<div class=\"wp-block-cover alignfull is-light is-repeated\" style=\"min-height:20em;aspect-ratio:unset;\" id=\"blog_cover\"><span aria-hidden=\"true\" class=\"wp-block-cover__background has-background-dim-0 has-background-dim\"><\/span><div role=\"img\" class=\"wp-block-cover__image-background wp-image-1356 is-repeated\" style=\"background-position:50% 50%;background-image:url(https:\/\/stadtlaborgraz.at\/wp-content\/uploads\/2022\/02\/Header_Illustrationen800x300_hell.png)\"><\/div><div class=\"wp-block-cover__inner-container is-layout-flow wp-block-cover-is-layout-flow\">\n<div id=\"blog_headerbox\" class=\"wp-block-group\"><div class=\"wp-block-group__inner-container is-layout-flow wp-block-group-is-layout-flow\">\n<h1 class=\"has-text-align-center has-nv-text-dark-bg-color has-text-color wp-block-heading\" id=\"smash-zukunftswerkstatt\">Frauenbankerl<\/h1>\n\n\n\n<div class=\"wp-block-columns is-not-stacked-on-mobile animated fadeIn ticss-3f8f1ed4 is-layout-flex wp-container-core-columns-is-layout-9d6595d7 wp-block-columns-is-layout-flex\">\n<div class=\"wp-block-column has-small-font-size has-text-align-right is-layout-flow wp-block-column-is-layout-flow\"><\/div>\n\n\n\n<div class=\"wp-block-column is-layout-flow wp-block-column-is-layout-flow\"><div class=\"has-text-align-left wp-block-post-date has-text-color has-nv-text-dark-bg-color has-small-font-size\"><time datetime=\"2022-02-20T13:54:23+01:00\">20. Feber 2022<\/time><\/div><\/div>\n<\/div>\n<\/div><\/div>\n<\/div><\/div>\n\n\n\n<div style=\"height:100px\" aria-hidden=\"true\" class=\"wp-block-spacer\"><\/div>\n\n\n\n<div class=\"wp-block-columns is-layout-flex wp-container-core-columns-is-layout-9d6595d7 wp-block-columns-is-layout-flex\">\n<div class=\"wp-block-column is-vertically-aligned-top ticss-89455d6d has-nv-light-bg-background-color has-background is-layout-flow wp-block-column-is-layout-flow\" style=\"flex-basis:35%\" id=\"blog_entrytextbox\">\n<p class=\"ticss-e1718089 has-neve-link-color-color has-text-color has-medium-font-size\">Auch heuer sind wir wieder aktiv beim B\u00fcndnis0803 zum Internationalen Frauen*tag&nbsp;mit dabei und veranstalten das Frauen*bankerl!<\/p>\n<\/div>\n\n\n\n<div class=\"wp-block-column is-vertically-aligned-top is-layout-flow wp-block-column-is-layout-flow\">\n<div id=\"wp-block-themeisle-blocks-slider-c78620c7\" class=\"wp-block-themeisle-blocks-slider glide\" data-per-view=\"1\" data-gap=\"0\" data-peek=\"0\" data-autoplay=\"false\" data-height=\"400px\" data-hide-arrows=\"true\"><div class=\"glide__track\" data-glide-el=\"track\"><div class=\"glide__slides\"><div class=\"wp-block-themeisle-blocks-slider-item-wrapper glide__slide\" tabindex=\"0\"><figure><img decoding=\"async\" class=\"wp-block-themeisle-blocks-slider-item\" src=\"https:\/\/stadtlaborgraz.at\/wp-content\/uploads\/2022\/04\/Frauenbankerl-2021-1.jpg\" alt=\"\" title=\"\" data-id=\"2139\"\/><figcaption>Frauenbankerl 2021 vor.ort<\/figcaption><\/figure><\/div><div class=\"wp-block-themeisle-blocks-slider-item-wrapper glide__slide\" tabindex=\"0\"><figure><img decoding=\"async\" class=\"wp-block-themeisle-blocks-slider-item\" src=\"https:\/\/stadtlaborgraz.at\/wp-content\/uploads\/2022\/04\/Frauenbankerl-2021-2.jpg\" alt=\"\" title=\"\" data-id=\"2140\"\/><figcaption>Frauenbankerl 2021 Griesplatz<\/figcaption><\/figure><\/div><div class=\"wp-block-themeisle-blocks-slider-item-wrapper glide__slide\" tabindex=\"0\"><figure><img decoding=\"async\" class=\"wp-block-themeisle-blocks-slider-item\" src=\"https:\/\/stadtlaborgraz.at\/wp-content\/uploads\/2022\/04\/Frauenbankerl-2021-3.jpg\" alt=\"\" title=\"\" data-id=\"2141\"\/><figcaption>Frauenbankerl 2021 B\u00fcro der Nachbarschaften<\/figcaption><\/figure><\/div><\/div><div class=\"glide__bullets\" data-glide-el=\"controls[nav]\"><button class=\"glide__bullet\" data-glide-dir=\"=0\"><\/button><button class=\"glide__bullet\" data-glide-dir=\"=1\"><\/button><button class=\"glide__bullet\" data-glide-dir=\"=2\"><\/button><\/div><\/div><\/div>\n<\/div>\n<\/div>\n\n\n\n<p>Unsere teilnehmenden Au\u00dfenstellen:<\/p>\n\n\n\n<p><strong>B\u00fcro der Nachbarschaften<\/strong><br>Frauen*bankerl im Andr\u00e4viertel \u2013 Da bin ich, da darf ich sein. Frauen und M\u00e4nner, die sich R\u00e4ume aneignen<br><br>4. M\u00e4rz 2022, 14:00-17:00 Uhr vor dem BdN<br>Kernstockgasse 20, 8020 Graz<\/p>\n\n\n\n<p>Gespr\u00e4che mit Akteur*innen im Viertel zu den Themen:<br>\u2013 Ohne fixe Wohnung, Frauen in Notschlafstellen;<br>\u2013 Frauen Empowerment aus dem Glauben, Glaubensgemeinschaften als wichtige Faktoren;<br>\u2013 Raum nehmen \u2013 wer nutzt den Raum, wer darf ihn nutzen, wer darf\/kann nicht.<\/p>\n\n\n\n<p><strong>Quartiersb\u00fcro&nbsp;<em>mittendrin<\/em><\/strong><br>Frauen*bankerl \u2013 Frauen auf\u2018s Dach<br><br>23. M\u00e4rz 2022, 16:00-18:00 Uhr<br>Dachgarten Flying Garden im Brauquartier Puntigam,<br>Brauquartier 3, 8020 Graz<\/p>\n\n\n\n<p>Es wird \u00fcber die Gleichstellung von Frauen im (\u00f6ffentlichen) Raum diskutiert.&nbsp;<br>Z.B. Wie nutzen Frauen den \u00f6ffentlichen Raum? Welche Anspr\u00fcche stellen Frauen an \u00f6ffentliche Fl\u00e4chen? Dazu wurde eine kleine Ausstellung vorbereitet mit Zahlen, Daten und Fakten rund um Frauen im \u00f6ffentlichen Raum.<br>Au\u00dferdem besteht die M\u00f6glichkeit, direkt vor Ort die Aufenthaltsqualit\u00e4ten im Brauquartier und besonders am Dachgarten zu bewerten.<\/p>\n\n\n\n<p><br><strong>Stadtteilmanagement vor.ort<\/strong><br>Frauen*bankerl \u2013 Frauen im \u00f6ffentlichen Raum<\/p>\n\n\n\n<p>31. M\u00e4rz 2022, 14:00-18:00 Uhr<br>Stadtteilmanagement vor.ort, Waagner-Biro-Stra\u00dfe 105 (gg\u00fc. Science Tower)<br>8020 Graz<\/p>\n\n\n\n<p>Wir sitzen mit gro\u00dfartigen Frauen zusammen am Bankerl und wollen uns dem \u00f6ffentlichen Raum widmen. Aktuell wird der Nikolaus-Harnoncourt-Park in der mySmartCity Graz geplant, im n\u00e4chsten Jahr umgesetzt und schon bald f\u00fcr alle Generationen, Frauen und M\u00e4nner als vielf\u00e4ltiger Freizeitraum nutzbar.<br>Doch was wollen speziell Frauen in einem \u00f6ffentlichen Park vorfinden? Kommen Sie vorbei, reden Sie mit. Ihre Ideen und Anregungen werden gesammelt und die Aspekte rund um Frauen im \u00f6ffentlichen Raum werden in die Planung miteingebracht.<\/p>\n\n\n\n<p>14:00 Uhr: Nana P\u00f6tsch, Abteilung f\u00fcr Gr\u00fcnraum und Gew\u00e4sser, Stadt Graz<\/p>\n\n\n\n<p>15:00 Uhr: Team von freiland, Wettbewerbsgewinner Parkplanung mySmartCity Graz<\/p>\n\n\n\n<p>16:00 Uhr, Daniela Zeschko, Projektleitung Natur.Werk.Stadt, hosted by Naturschutzbund Steiermark und StAF<\/p>\n\n\n\n<p>17:00-18:00: gemeinsame Diskussion mit Interessierten NachbarInnen und PassantInnen<\/p>\n\n\n\n<p>Wir freuen uns, dass sich das Frauenbankerl auch in anderen St\u00e4dten und bei anderen Institutionen gro\u00dfer Beliebtheit erfreut.<br>Auf der&nbsp;<a href=\"https:\/\/www.0803.at\/termine\/\">B\u00fcndnis0803<\/a>&nbsp;Seite finden Sie weitere Termine zu den Frauenbankerln.Downloads<\/p>\n\n\n\n<ul class=\"wp-block-list\">\n<li><a href=\"https:\/\/stadtlaborgraz.at\/wp-content\/uploads\/2023\/02\/Nachlese_Frauenbankerl_STL_komp.pdf\" data-type=\"URL\" data-id=\"https:\/\/stadtlaborgraz.at\/wp-content\/uploads\/2023\/02\/Nachlese_Frauenbankerl_STL_komp.pdf\">Nachlese Frauenbankerl 2021<\/a><\/li>\n<\/ul>\n","protected":false},"excerpt":{"rendered":"<p>Auch wir setzen ein Zeichen f\u00fcr die Gleichberechtigung von Frauen!<\/p>\n","protected":false},"author":2,"featured_media":544,"comment_status":"open","ping_status":"closed","sticky":false,"template":"","format":"standard","meta":{"neve_meta_sidebar":"","neve_meta_container":"","neve_meta_enable_content_width":"","neve_meta_content_width":0,"neve_meta_title_alignment":"","neve_meta_author_avatar":"","neve_post_elements_order":"[\"content\",\"tags\",\"post-navigation\"]","neve_meta_disable_header":"","neve_meta_disable_footer":"","neve_meta_disable_title":"","_themeisle_gutenberg_block_has_review":false,"footnotes":""},"categories":[1],"tags":[20,29],"class_list":["post-1830","post","type-post","status-publish","format-standard","has-post-thumbnail","hentry","category-news","tag-frauentag","tag-stadtteile"],"_links":{"self":[{"href":"https:\/\/stadtlaborgraz.at\/de\/wp-json\/wp\/v2\/posts\/1830","targetHints":{"allow":["GET"]}}],"collection":[{"href":"https:\/\/stadtlaborgraz.at\/de\/wp-json\/wp\/v2\/posts"}],"about":[{"href":"https:\/\/stadtlaborgraz.at\/de\/wp-json\/wp\/v2\/types\/post"}],"author":[{"embeddable":true,"href":"https:\/\/stadtlaborgraz.at\/de\/wp-json\/wp\/v2\/users\/2"}],"replies":[{"embeddable":true,"href":"https:\/\/stadtlaborgraz.at\/de\/wp-json\/wp\/v2\/comments?post=1830"}],"version-history":[{"count":7,"href":"https:\/\/stadtlaborgraz.at\/de\/wp-json\/wp\/v2\/posts\/1830\/revisions"}],"predecessor-version":[{"id":3264,"href":"https:\/\/stadtlaborgraz.at\/de\/wp-json\/wp\/v2\/posts\/1830\/revisions\/3264"}],"wp:featuredmedia":[{"embeddable":true,"href":"https:\/\/stadtlaborgraz.at\/de\/wp-json\/wp\/v2\/media\/544"}],"wp:attachment":[{"href":"https:\/\/stadtlaborgraz.at\/de\/wp-json\/wp\/v2\/media?parent=1830"}],"wp:term":[{"taxonomy":"category","embeddable":true,"href":"https:\/\/stadtlaborgraz.at\/de\/wp-json\/wp\/v2\/categories?post=1830"},{"taxonomy":"post_tag","embeddable":true,"href":"https:\/\/stadtlaborgraz.at\/de\/wp-json\/wp\/v2\/tags?post=1830"}],"curies":[{"name":"wp","href":"https:\/\/api.w.org\/{rel}","templated":true}]}}